{"id":212392,"date":"2026-01-02T19:41:11","date_gmt":"2026-01-02T19:41:11","guid":{"rendered":"https:\/\/www.europesays.com\/pt\/212392\/"},"modified":"2026-01-02T19:41:11","modified_gmt":"2026-01-02T19:41:11","slug":"vingadores-doomsday-trailer-dos-x-men-vaza-dublado","status":"publish","type":"post","link":"https:\/\/www.europesays.com\/pt\/212392\/","title":{"rendered":"Vingadores: Doomsday &#8211; Trailer dos X-Men vaza dublado"},"content":{"rendered":"<p>O 3\u00b0 trailer de <strong>Vingadores: Doomsday<\/strong> (ou <a href=\"https:\/\/legadodamarvel.com.br\/filme\/vingadores-doutor-destino\" rel=\"nofollow noopener\" target=\"_blank\">Doutor Destino <\/a>no Brasil) focado nos X-Men j\u00e1 chegou aos cinemas brasileiros, e com ele, temos o vazamento da <strong>vers\u00e3o dublada<\/strong>!<\/p>\n<p>\u00a0<\/p>\n<p>N\u00f3s do <strong>Legado da Marvel<\/strong> recebemos o trailer de um seguidor que trabalha no cinema, e com isso, o trazemos com <strong>exclusividade<\/strong> aqui!<\/p>\n<p>Trailer dos X-Men em Vingadores: Doomsday dublado<\/p>\n<p>O trailer traz o <a href=\"https:\/\/legadodamarvel.com.br\/tag\/magneto\" rel=\"nofollow noopener\" target=\"_blank\">Magneto<\/a> com uma nova voz, j\u00e1 que seu dublador cl\u00e1ssico, a lenda Jos\u00e9 Santa Cruz Costa, faleceu em 2024. Ainda n\u00e3o sabemos quem \u00e9 a nova voz. Assista ao trailer dublado logo abaixo:<\/p>\n<p><video height=\"960\" style=\"aspect-ratio: 540 \/ 960;\" width=\"540\" controls=\"\" src=\"https:\/\/legadodamarvel.com.br\/wp-content\/uploads\/2026\/01\/Trailer-de-Vingadores-Doomsday-focado-nos-X-Men-legadodamarvel.mp4\"\/><\/p>\n<p>Possivelmente a vers\u00e3o dublada do trailer j\u00e1 est\u00e1 em exibi\u00e7\u00e3o nos cinemas brasileiros antes das sess\u00f5es de <strong>Avatar: Fogo e Cinzas<\/strong>, ent\u00e3o se voc\u00ea quiser ver essa cena maravilhosa do <a href=\"https:\/\/legadodamarvel.com.br\/tag\/ciclope\" rel=\"nofollow noopener\" target=\"_blank\">Ciclope<\/a> nas telonas, \u00e9 s\u00f3 correr para rever o filme!<\/p>\n<p>Lembrando que ainda temos 3 novos trailers (e talvez at\u00e9 mais) \u00e0 caminho! Portanto, fique ligado no <strong>Legado da Marvel<\/strong> para n\u00e3o perder nenhuma novidade desse marketing absurdo de Vingadores: Doomsday!<\/p>\n<p>Tudo sobre Vingadores: Doutor Destino<\/p>\n<p>Depois de marcar a hist\u00f3ria do cinema com <a href=\"https:\/\/legadodamarvel.com.br\/tag\/vingadores-ultimato\" rel=\"nofollow noopener\" target=\"_blank\">Vingadores: Ultimato<\/a>, enfim o pr\u00f3ximo filme dos Her\u00f3is Mais Poderosos da Terra ir\u00e1 chegar aos cinemas em dezembro de 2026.<\/p>\n<p class=\"wp-embed-aspect-16-9 wp-has-aspect-ratio\">Tudo come\u00e7ou quando a Marvel anunciou o longa como <strong>Vingadores: Dinastia Kang<\/strong> na San Diego Comic-Con 2022. Mas ap\u00f3s m\u00e1 recep\u00e7\u00e3o do vil\u00e3o Kang em <a href=\"https:\/\/legadodamarvel.com.br\/filme\/homem-formiga-e-a-vespa-quantumania\" rel=\"nofollow noopener\" target=\"_blank\">Homem-Formiga e a Vespa: Quantumania<\/a> e a demiss\u00e3o do ator logo em seguida, a Marvel ent\u00e3o reformulou o filme.<\/p>\n<p class=\"wp-embed-aspect-16-9 wp-has-aspect-ratio\">Com isso, na Comic Con de 2024 o est\u00fadio anunciou o retorno de <a href=\"https:\/\/legadodamarvel.com.br\/tag\/robert-downey-jr\" rel=\"nofollow noopener\" target=\"_blank\">Robert Downey Jr.<\/a> no papel do <a href=\"https:\/\/legadodamarvel.com.br\/tag\/doutor-destino\" rel=\"nofollow noopener\" target=\"_blank\">Doutor Destino<\/a>. E com o filme agora chamado de <a href=\"https:\/\/legadodamarvel.com.br\/filme\/vingadores-doomsday\" rel=\"nofollow noopener\" target=\"_blank\">Vingadores: Doutor Destino<\/a> \u2013 sendo assim talvez <strong>o maior an\u00fancio da hist\u00f3ria da Marvel<\/strong>.<\/p>\n<p class=\"wp-embed-aspect-16-9 wp-has-aspect-ratio\">Neste mesmo dia, tamb\u00e9m foi revelado que os diretores <a href=\"https:\/\/legadodamarvel.com.br\/tag\/anthony-russo\" rel=\"nofollow noopener\" target=\"_blank\">Anthony Russo<\/a> e <a href=\"https:\/\/legadodamarvel.com.br\/tag\/joe-russo\" rel=\"nofollow noopener\" target=\"_blank\">Joe Russo<\/a>, conhecido <a href=\"https:\/\/legadodamarvel.com.br\/tag\/irmaos-russo\" rel=\"nofollow noopener\" target=\"_blank\">Irm\u00e3os Russo<\/a> \u2013 respons\u00e1veis por <a href=\"https:\/\/legadodamarvel.com.br\/tag\/vingadores-guerra-infinita\" rel=\"nofollow noopener\" target=\"_blank\">Vingadores: Guerra Infinita<\/a> e <a href=\"https:\/\/legadodamarvel.com.br\/tag\/vingadores-ultimato\" rel=\"nofollow noopener\" target=\"_blank\">Ultimato<\/a> -, voltam para assumir a dire\u00e7\u00e3o do filme.<\/p>\n<p class=\"wp-embed-aspect-16-9 wp-has-aspect-ratio\">Ao lado deles, retornou tamb\u00e9m o corroteirista dos \u00faltimos Vingadores, <a href=\"https:\/\/legadodamarvel.com.br\/tag\/stephen-mcfeely\" rel=\"nofollow noopener\" target=\"_blank\">Stephen McFeely<\/a>, e escreve o longa ao lado de <a href=\"https:\/\/legadodamarvel.com.br\/personalidade\/michael-waldron\" rel=\"nofollow noopener\" target=\"_blank\">Michael Waldron<\/a> (da 1\u00b0 temporada de <a href=\"https:\/\/legadodamarvel.com.br\/serie\/loki\" rel=\"nofollow noopener\" target=\"_blank\">Loki<\/a> e <a href=\"https:\/\/legadodamarvel.com.br\/tag\/doutor-estranho-no-multiverso-da-loucura\" rel=\"nofollow noopener\" target=\"_blank\">Doutor Estranho no Multiverso da Loucura<\/a>). <a href=\"https:\/\/legadodamarvel.com.br\/tag\/christopher-markus\" rel=\"nofollow noopener\" target=\"_blank\">Christopher Markus<\/a>, que esteve em parceria com os Russos e McFeely durante a Saga do Infinito, n\u00e3o retorna desta vez.<\/p>\n<p class=\"wp-embed-aspect-16-9 wp-has-aspect-ratio\">Prometendo ser um dos maiores filmes da hist\u00f3ria da Marvel nos cinemas, o filme tem data marcada para o dia 17 de dezembro de 2026.<\/p>\n","protected":false},"excerpt":{"rendered":"O 3\u00b0 trailer de Vingadores: Doomsday (ou Doutor Destino no Brasil) focado nos X-Men j\u00e1 chegou aos cinemas&hellip;\n","protected":false},"author":2,"featured_media":212393,"comment_status":"","ping_status":"","sticky":false,"template":"","format":"standard","meta":{"footnotes":""},"categories":[140],"tags":[114,115,147,148,146,32,33,38893,8107],"class_list":{"0":"post-212392","1":"post","2":"type-post","3":"status-publish","4":"format-standard","5":"has-post-thumbnail","7":"category-filmes","8":"tag-entertainment","9":"tag-entretenimento","10":"tag-film","11":"tag-filmes","12":"tag-movies","13":"tag-portugal","14":"tag-pt","15":"tag-vingadores-doutor-destino","16":"tag-x-men"},"share_on_mastodon":{"url":"https:\/\/pubeurope.com\/@pt\/115827211293832722","error":""},"_links":{"self":[{"href":"https:\/\/www.europesays.com\/pt\/wp-json\/wp\/v2\/posts\/212392","targetHints":{"allow":["GET"]}}],"collection":[{"href":"https:\/\/www.europesays.com\/pt\/wp-json\/wp\/v2\/posts"}],"about":[{"href":"https:\/\/www.europesays.com\/pt\/wp-json\/wp\/v2\/types\/post"}],"author":[{"embeddable":true,"href":"https:\/\/www.europesays.com\/pt\/wp-json\/wp\/v2\/users\/2"}],"replies":[{"embeddable":true,"href":"https:\/\/www.europesays.com\/pt\/wp-json\/wp\/v2\/comments?post=212392"}],"version-history":[{"count":0,"href":"https:\/\/www.europesays.com\/pt\/wp-json\/wp\/v2\/posts\/212392\/revisions"}],"wp:featuredmedia":[{"embeddable":true,"href":"https:\/\/www.europesays.com\/pt\/wp-json\/wp\/v2\/media\/212393"}],"wp:attachment":[{"href":"https:\/\/www.europesays.com\/pt\/wp-json\/wp\/v2\/media?parent=212392"}],"wp:term":[{"taxonomy":"category","embeddable":true,"href":"https:\/\/www.europesays.com\/pt\/wp-json\/wp\/v2\/categories?post=212392"},{"taxonomy":"post_tag","embeddable":true,"href":"https:\/\/www.europesays.com\/pt\/wp-json\/wp\/v2\/tags?post=212392"}],"curies":[{"name":"wp","href":"https:\/\/api.w.org\/{rel}","templated":true}]}}