{"id":212479,"date":"2026-01-02T20:45:09","date_gmt":"2026-01-02T20:45:09","guid":{"rendered":"https:\/\/www.europesays.com\/pt\/212479\/"},"modified":"2026-01-02T20:45:09","modified_gmt":"2026-01-02T20:45:09","slug":"filha-de-kim-jong-un-faz-visita-a-mausoleu-do-regime-observador","status":"publish","type":"post","link":"https:\/\/www.europesays.com\/pt\/212479\/","title":{"rendered":"Filha de Kim Jong-Un faz visita a mausol\u00e9u do regime \u2013 Observador"},"content":{"rendered":"<p>A filha do l\u00edder da Coreia do Norte fez a primeira visita ao mausol\u00e9u onde o av\u00f4 e o bisav\u00f4, ambos ex-l\u00edderes, est\u00e3o sepultados, avan\u00e7ou esta sexta-feira a imprensa estatal, consolidando a posi\u00e7\u00e3o como sucessora.<\/p>\n<p>De acordo com imagens divulgadas pela ag\u00eancia de not\u00edcias oficial norte-coreana KCNA, <a href=\"https:\/\/kcnawatch.org\/newstream\/1767323082-675910499\/respected-comrade-kim-jong-un-visits-kumsusan-palace-of-sun\/\" rel=\"nofollow noopener\" target=\"_blank\">Kim Ju-ae e o pai, Kim Jong-un, visitaram o Pal\u00e1cio do Sol de Kumsusan,<\/a> um vasto mausol\u00e9u no centro de Pyongyang, acompanhado por altos funcion\u00e1rios.<\/p>\n<p>A Coreia do Norte \u00e9 governada desde 1948 pela dinastia Kim, tamb\u00e9m conhecida como linhagem Paektu, assim designada em homenagem a uma montanha sagrada considerada o lend\u00e1rio ber\u00e7o do povo coreano e onde, segundo a propaganda norte-coreana, nasceu Kim Jong-il (av\u00f4 de Kim Ju-ae). Ele pr\u00f3prio sucedeu ao pai, Kim Il-sung, bisav\u00f4 de Kim Ju-ae.<\/p>\n<p>Os dois homens, apelidados de \u201cl\u00edderes eternos\u201d pela propaganda estatal, est\u00e3o sepultados no Pal\u00e1cio do Sol de Kumsusan.<\/p>\n<blockquote class=\"wp-embedded-content\" data-secret=\"AWUZBTYlNG\">\n<p><a href=\"https:\/\/observador.pt\/especiais\/kim-jong-un-apresentou-a-querida-filha-ao-mundo-em-pequim-quem-e-a-jovem-que-pode-ser-a-proxima-lider-da-coreia-do-norte\/\" rel=\"nofollow noopener\" target=\"_blank\">Kim Jong-un apresentou a \u201cquerida filha\u201d ao mundo em Pequim. Quem \u00e9 a jovem que pode ser a pr\u00f3xima l\u00edder da Coreia do Norte?<\/a><\/p>\n<\/blockquote>\n<p><a href=\"https:\/\/observador.pt\/especiais\/kim-jong-un-apresentou-a-querida-filha-ao-mundo-em-pequim-quem-e-a-jovem-que-pode-ser-a-proxima-lider-da-coreia-do-norte\/\" rel=\"nofollow noopener\" target=\"_blank\">Kim Ju-ae<\/a>, cuja idade n\u00e3o foi confirmada, foi vista ao lado do pai em diversas ocasi\u00f5es desde a primeira apari\u00e7\u00e3o p\u00fablica, em 2022.<\/p>\n<p>Os servi\u00e7os de informa\u00e7\u00e3o da vizinha Coreia do Sul acreditam que Kim Ju-ae poder\u00e1 um dia suceder a Kim Jong-un, marcando a quarta gera\u00e7\u00e3o a governar a \u00fanica dinastia comunista do mundo.<\/p>\n<p>Em 2024, os meios de comunica\u00e7\u00e3o estatais norte-coreanos referiram-se a Kim Ju-ae com o t\u00edtulo altamente honor\u00edfico de hyangdo (\u201cconselheira s\u00e9nior\u201d em coreano), um termo geralmente reservado ao l\u00edder ou ao sucessor.<\/p>\n<p>Antes de 2022, <strong>a \u00fanica confirma\u00e7\u00e3o da exist\u00eancia de Kim Ju-ae veio da antiga estrela de basquetebol Dennis Rodman, que afirmou ter conhecido uma filha de Kim Jong-un chamada Ju-ae <\/strong>durante uma visita \u00e0 Coreia do Norte, em 2013.<\/p>\n<p>O an\u00fancio da visita ao mausol\u00e9u acontece um dia depois da imprensa oficial ter divulgado uma mensagem de Ano Novo \u00e0s for\u00e7as armadas, em que Kim Jong-un elogiou as tropas que combatem em \u201csolo estrangeiro\u201d e fez alus\u00e3o \u00e0 alian\u00e7a com a R\u00fassia.<\/p>\n<p>\u201cEnquanto todo o pa\u00eds est\u00e1 imerso numa atmosfera festiva para celebrar o Ano Novo, sinto ainda mais saudades de voc\u00eas, que lutam bravamente em campos de batalha em solo estrangeiro, mesmo agora, fi\u00e9is \u00e0 ordem da vossa p\u00e1tria\u201d, disse Kim, citado pela ag\u00eancia de not\u00edcias oficial norte-coreana <a href=\"https:\/\/kcnawatch.org\/newstream\/1767323082-675910499\/respected-comrade-kim-jong-un-visits-kumsusan-palace-of-sun\/\" rel=\"nofollow noopener\" target=\"_blank\">KCNA<\/a>.<\/p>\n<p>\u201cPyongyang e Moscovo est\u00e3o convosco\u201d, acrescentou.<\/p>\n<p>Segundo os servi\u00e7os de informa\u00e7\u00e3o sul-coreanos e ocidentais, Pyongyang enviou milhares de soldados para combater ao lado de Moscovo durante a invas\u00e3o da Ucr\u00e2nia, que come\u00e7ou h\u00e1 quase quatro anos.<\/p>\n<p>Em troca, a R\u00fassia envia \u00e0 Coreia do Norte ajuda financeira, tecnologia militar e fornecimentos de alimentos e energia, de acordo com analistas.<\/p>\n<p>Na sua mensagem, o l\u00edder norte-coreano felicitou os soldados por fortalecerem a \u201camizade e alian\u00e7a inquebr\u00e1vel\u201d com a R\u00fassia, apelando a que lutem \u201cpelo povo irm\u00e3o russo\u201d.<\/p>\n","protected":false},"excerpt":{"rendered":"A filha do l\u00edder da Coreia do Norte fez a primeira visita ao mausol\u00e9u onde o av\u00f4 e&hellip;\n","protected":false},"author":2,"featured_media":212480,"comment_status":"","ping_status":"","sticky":false,"template":"","format":"standard","meta":{"footnotes":""},"categories":[8],"tags":[27,28,3459,637,15,16,14,25,26,21,22,62,12,13,19,20,32,23,24,33,17,18,29,30,31],"class_list":{"0":"post-212479","1":"post","2":"type-post","3":"status-publish","4":"format-standard","5":"has-post-thumbnail","7":"category-principais-noticias","8":"tag-breaking-news","9":"tag-breakingnews","10":"tag-coreia-do-norte","11":"tag-diplomacia","12":"tag-featured-news","13":"tag-featurednews","14":"tag-headlines","15":"tag-latest-news","16":"tag-latestnews","17":"tag-main-news","18":"tag-mainnews","19":"tag-mundo","20":"tag-news","21":"tag-noticias","22":"tag-noticias-principais","23":"tag-noticiasprincipais","24":"tag-portugal","25":"tag-principais-noticias","26":"tag-principaisnoticias","27":"tag-pt","28":"tag-top-stories","29":"tag-topstories","30":"tag-ultimas","31":"tag-ultimas-noticias","32":"tag-ultimasnoticias"},"share_on_mastodon":{"url":"https:\/\/pubeurope.com\/@pt\/115827462970747571","error":""},"_links":{"self":[{"href":"https:\/\/www.europesays.com\/pt\/wp-json\/wp\/v2\/posts\/212479","targetHints":{"allow":["GET"]}}],"collection":[{"href":"https:\/\/www.europesays.com\/pt\/wp-json\/wp\/v2\/posts"}],"about":[{"href":"https:\/\/www.europesays.com\/pt\/wp-json\/wp\/v2\/types\/post"}],"author":[{"embeddable":true,"href":"https:\/\/www.europesays.com\/pt\/wp-json\/wp\/v2\/users\/2"}],"replies":[{"embeddable":true,"href":"https:\/\/www.europesays.com\/pt\/wp-json\/wp\/v2\/comments?post=212479"}],"version-history":[{"count":0,"href":"https:\/\/www.europesays.com\/pt\/wp-json\/wp\/v2\/posts\/212479\/revisions"}],"wp:featuredmedia":[{"embeddable":true,"href":"https:\/\/www.europesays.com\/pt\/wp-json\/wp\/v2\/media\/212480"}],"wp:attachment":[{"href":"https:\/\/www.europesays.com\/pt\/wp-json\/wp\/v2\/media?parent=212479"}],"wp:term":[{"taxonomy":"category","embeddable":true,"href":"https:\/\/www.europesays.com\/pt\/wp-json\/wp\/v2\/categories?post=212479"},{"taxonomy":"post_tag","embeddable":true,"href":"https:\/\/www.europesays.com\/pt\/wp-json\/wp\/v2\/tags?post=212479"}],"curies":[{"name":"wp","href":"https:\/\/api.w.org\/{rel}","templated":true}]}}