{"id":212505,"date":"2026-01-02T21:03:21","date_gmt":"2026-01-02T21:03:21","guid":{"rendered":"https:\/\/www.europesays.com\/pt\/212505\/"},"modified":"2026-01-02T21:03:21","modified_gmt":"2026-01-02T21:03:21","slug":"mudanca-inesperada-cristina-ferreira-faz-confissao-sobre-vida-de-pedro-e-marisa-fora-da-casa-secret-story","status":"publish","type":"post","link":"https:\/\/www.europesays.com\/pt\/212505\/","title":{"rendered":"Mudan\u00e7a inesperada: Cristina Ferreira faz confiss\u00e3o sobre vida de Pedro e Marisa fora da casa &#8211; Secret Story"},"content":{"rendered":"<p><a href=\"https:\/\/tvi.iol.pt\/secretstory\/pedro\/ines\/pedro-leva-para-casa-250-mil-euros-as-imagens-completas-do-momento-em-que-vence-o-secret-story-9\" rel=\"nofollow noopener\" target=\"_blank\">Pedro foi o grande vencedor da nona edi\u00e7\u00e3o do Secret Story.<\/a> No rescaldo da grande final, o tema foi comentado esta sexta-feira no programa &#8216;Dois \u00e0s 10&#8217; da TVI e Cristina Ferreira fez algumas revela\u00e7\u00f5es sobre a vida de Pedro e Marisa ap\u00f3s sa\u00edrem da casa mais vigiada do Pa\u00eds.<\/p>\n<p>Segundo a diretora de entretenimento e fic\u00e7\u00e3o da TVI, h\u00e1 uma mudan\u00e7a inesperada daquilo que parecia ser o rumo da rela\u00e7\u00e3o dentro do Secret Story, face \u00e0quilo que os dois ex-concorrentes t\u00eam mostrado agora que j\u00e1 est\u00e3o fora do programa.\u00a0<\/p>\n<p style=\"margin-bottom:11px\">\u00abA sensa\u00e7\u00e3o que eu tinha \u00e9 de aquilo podia correr mal c\u00e1 fora, ontem ao v\u00ea-los ali juntos (\u00e0 margem do programa &#8216;Ano Novo, Vida Nova) fiquei com a sensa\u00e7\u00e3o de que eles iam conseguir\u00bb, confidenciou Cristina Ferreira em conversa com Cl\u00e1udio Ramos e com os comentadores em est\u00fadio.\u00a0<\/p>\n<p style=\"margin-bottom:11px\"><strong>Veja o momento em baixo:\u00a0<\/strong><\/p>\n<p style=\"margin-bottom:11px\">\u00a0<\/p>\n","protected":false},"excerpt":{"rendered":"Pedro foi o grande vencedor da nona edi\u00e7\u00e3o do Secret Story. No rescaldo da grande final, o tema&hellip;\n","protected":false},"author":2,"featured_media":212506,"comment_status":"","ping_status":"","sticky":false,"template":"","format":"standard","meta":{"footnotes":""},"categories":[142],"tags":[18706,166,114,115,18705,19184,14646,32,33,151,18704],"class_list":{"0":"post-212505","1":"post","2":"type-post","3":"status-publish","4":"format-standard","5":"has-post-thumbnail","7":"category-tv","8":"tag-bastidores-secret-story","9":"tag-cristina-ferreira","10":"tag-entertainment","11":"tag-entretenimento","12":"tag-entrevistas-concorrentes-tvi","13":"tag-marisa","14":"tag-pedro","15":"tag-portugal","16":"tag-pt","17":"tag-tv","18":"tag-vida-fora-da-casa"},"share_on_mastodon":{"url":"https:\/\/pubeurope.com\/@pt\/115827533576862808","error":""},"_links":{"self":[{"href":"https:\/\/www.europesays.com\/pt\/wp-json\/wp\/v2\/posts\/212505","targetHints":{"allow":["GET"]}}],"collection":[{"href":"https:\/\/www.europesays.com\/pt\/wp-json\/wp\/v2\/posts"}],"about":[{"href":"https:\/\/www.europesays.com\/pt\/wp-json\/wp\/v2\/types\/post"}],"author":[{"embeddable":true,"href":"https:\/\/www.europesays.com\/pt\/wp-json\/wp\/v2\/users\/2"}],"replies":[{"embeddable":true,"href":"https:\/\/www.europesays.com\/pt\/wp-json\/wp\/v2\/comments?post=212505"}],"version-history":[{"count":0,"href":"https:\/\/www.europesays.com\/pt\/wp-json\/wp\/v2\/posts\/212505\/revisions"}],"wp:featuredmedia":[{"embeddable":true,"href":"https:\/\/www.europesays.com\/pt\/wp-json\/wp\/v2\/media\/212506"}],"wp:attachment":[{"href":"https:\/\/www.europesays.com\/pt\/wp-json\/wp\/v2\/media?parent=212505"}],"wp:term":[{"taxonomy":"category","embeddable":true,"href":"https:\/\/www.europesays.com\/pt\/wp-json\/wp\/v2\/categories?post=212505"},{"taxonomy":"post_tag","embeddable":true,"href":"https:\/\/www.europesays.com\/pt\/wp-json\/wp\/v2\/tags?post=212505"}],"curies":[{"name":"wp","href":"https:\/\/api.w.org\/{rel}","templated":true}]}}