{"id":212559,"date":"2026-01-02T21:42:07","date_gmt":"2026-01-02T21:42:07","guid":{"rendered":"https:\/\/www.europesays.com\/pt\/212559\/"},"modified":"2026-01-02T21:42:07","modified_gmt":"2026-01-02T21:42:07","slug":"viuva-de-maguito-vilela-nega-relacionamento-amoroso-com-o-empresario-marquinhos-da-audiomix-apos-rumores-o-popular","status":"publish","type":"post","link":"https:\/\/www.europesays.com\/pt\/212559\/","title":{"rendered":"Vi\u00fava de Maguito Vilela nega relacionamento amoroso com o empres\u00e1rio Marquinhos da Audiomix ap\u00f3s rumores &#8211; O Popular"},"content":{"rendered":"<ol>\n<li><a href=\"https:\/\/news.google.com\/rss\/articles\/CBMi4AFBVV95cUxOeE5ycTZzcEV5WjJBc2xWYlpoQ1l0WXRCajVVeFgtcVlTV1BqbFQ0TUZXZlhoS2gxSE5GUk45T3ZKZ2hxWTVWMVJTcElaaXNZNEstNEtkSUticUNJLUt3S0F4T0NWUWJxWVBYR2xWMnNlVkFhZ2JPdERtTThTZ3BTNWFvUTh4enBEd2E1TGR2VkdhRERyMHUtaUl6ZndPYktPZUNPbkpGT2NGWUtrUHpGOXBYWWwzY2RER3ZKbkR0ZWlsT01NMVctdEMtcEgxY3FnVEdTNXY0TTYxaHFhRVpBeg?oc=5\" target=\"_blank\" rel=\"nofollow noopener\">Vi\u00fava de Maguito Vilela nega relacionamento amoroso com o empres\u00e1rio Marquinhos da Audiomix ap\u00f3s rumores<\/a>&nbsp;&nbsp;O Popular<\/li>\n<li><a href=\"https:\/\/news.google.com\/rss\/articles\/CBMi_wFBVV95cUxNdEQ2SFItaEl0QkMzSW5zZXltSEw3aHlwZlhzZGhxUTRTdTFxUDloMTVFYUpzUFlobmJlN2hvZ0swOVBWVnJtYXJpN1MxUDI4bFRMNTBhc3Q1T2daMnlHUUo3bVhvNnh0T3d5REhKUGd6SlRhcDRGanB5MDFRQlRZS3lGNkVhQUt2azJreklyRkdMUHJXQld2M183U3g4TWUzZ0xHZmlrNDE3aVV4Q1VfdHlEd2dEdUpJZWRWeVdBZDJLVXNpeUVWQ1lEcVB2OXpUSm0xcVlDMTlySFFSNjJLZ1BweGpHR1ZNQ0s0S2VtWWZNOE5LS05pbllnaGI0T2c?oc=5\" target=\"_blank\" rel=\"nofollow noopener\">Ex de L\u00edvia Andrade assume novo amor, Marcos Ara\u00fajo surge com Fl\u00e1via Teles e web ferve com reviravolta amorosa<\/a>&nbsp;&nbsp;Jornal de Bras\u00edlia<\/li>\n<li><a href=\"https:\/\/news.google.com\/rss\/articles\/CBMivAFBVV95cUxPcGM1bzdqb2hnblJ2TzBqTUw1TjByeGU3NHIzd3BpXzl0RURIdDZiRHhhdW5pem5mU1F6QjF2OU8tdnpfdUZ6bFB0OTNqV1lCSHBsVnBOWktlSU5SNVNhNUI2b180Z09LaTVFcThfd3F6VnlCM3h6MFlIZlhnc3Q3X3dUaUQzNGx4ZTIwdzZRU3ZZeGpJYXJCNlo1MXU0WFFEem1CZm5pQWdUVHVjYUxmbFJ3c3hlRGoxYTlybw?oc=5\" target=\"_blank\" rel=\"nofollow noopener\">Marcos Ara\u00fajo aparece com nova namorada ap\u00f3s t\u00e9rmino com L\u00edvia Andrade<\/a>&nbsp;&nbsp;Metr\u00f3poles<\/li>\n<li><a href=\"https:\/\/news.google.com\/rss\/articles\/CBMivAFBVV95cUxQS09mdWtBQ0Z2anJhTDR4YVhOaXJvS3dVZDNadU8waUpHTS1lTXBFRkxBYndIbWY1OVRCbkR2a1pzSThwbjhMUmZDRUdWWTdqSW0tTU1zdTNlVkxza0FmR3VtdDR3R3d3QkNZdHlnd0NFSmRBSUJ5RWhlRnhMcHZUckNwbDBkdE9TMmgxTXcyUGFLVmJaVi1ueWhUNC1TN25Wa212c3RhQ2NjVUFOcnVFbkZjRFJoX1JvVDRTaA?oc=5\" target=\"_blank\" rel=\"nofollow noopener\">Marcos Ara\u00fajo assume novo amor e confirma separa\u00e7\u00e3o de L\u00edvia Andrade<\/a>&nbsp;&nbsp;Band<\/li>\n<\/ol>\n","protected":false},"excerpt":{"rendered":"Vi\u00fava de Maguito Vilela nega relacionamento amoroso com o empres\u00e1rio Marquinhos da Audiomix ap\u00f3s rumores&nbsp;&nbsp;O Popular Ex de&hellip;\n","protected":false},"author":2,"featured_media":212560,"comment_status":"","ping_status":"","sticky":false,"template":"","format":"standard","meta":{"footnotes":""},"categories":[145],"tags":[7558,211,210,114,115,41603,41602,32,33,1978],"class_list":{"0":"post-212559","1":"post","2":"type-post","3":"status-publish","4":"format-standard","5":"has-post-thumbnail","7":"category-celebridades","8":"tag-ano-novo","9":"tag-celebridades","10":"tag-celebrities","11":"tag-entertainment","12":"tag-entretenimento","13":"tag-flavia-teles","14":"tag-marquinhos-da-audiomix","15":"tag-portugal","16":"tag-pt","17":"tag-relacionamento"},"share_on_mastodon":{"url":"https:\/\/pubeurope.com\/@pt\/115827686947972812","error":""},"_links":{"self":[{"href":"https:\/\/www.europesays.com\/pt\/wp-json\/wp\/v2\/posts\/212559","targetHints":{"allow":["GET"]}}],"collection":[{"href":"https:\/\/www.europesays.com\/pt\/wp-json\/wp\/v2\/posts"}],"about":[{"href":"https:\/\/www.europesays.com\/pt\/wp-json\/wp\/v2\/types\/post"}],"author":[{"embeddable":true,"href":"https:\/\/www.europesays.com\/pt\/wp-json\/wp\/v2\/users\/2"}],"replies":[{"embeddable":true,"href":"https:\/\/www.europesays.com\/pt\/wp-json\/wp\/v2\/comments?post=212559"}],"version-history":[{"count":0,"href":"https:\/\/www.europesays.com\/pt\/wp-json\/wp\/v2\/posts\/212559\/revisions"}],"wp:featuredmedia":[{"embeddable":true,"href":"https:\/\/www.europesays.com\/pt\/wp-json\/wp\/v2\/media\/212560"}],"wp:attachment":[{"href":"https:\/\/www.europesays.com\/pt\/wp-json\/wp\/v2\/media?parent=212559"}],"wp:term":[{"taxonomy":"category","embeddable":true,"href":"https:\/\/www.europesays.com\/pt\/wp-json\/wp\/v2\/categories?post=212559"},{"taxonomy":"post_tag","embeddable":true,"href":"https:\/\/www.europesays.com\/pt\/wp-json\/wp\/v2\/tags?post=212559"}],"curies":[{"name":"wp","href":"https:\/\/api.w.org\/{rel}","templated":true}]}}