{"id":212589,"date":"2026-01-02T22:08:06","date_gmt":"2026-01-02T22:08:06","guid":{"rendered":"https:\/\/www.europesays.com\/pt\/212589\/"},"modified":"2026-01-02T22:08:06","modified_gmt":"2026-01-02T22:08:06","slug":"mudancas-de-aspeto-fisico-de-mariana-fonseca-dificultam-caca-a-enfermeira-assassina-cmjornal-pt","status":"publish","type":"post","link":"https:\/\/www.europesays.com\/pt\/212589\/","title":{"rendered":"Mudan\u00e7as de aspeto f\u00edsico de Mariana Fonseca dificultam &#039;ca\u00e7a&#039; a enfermeira assassina &#8211; cmjornal.pt"},"content":{"rendered":"<ol>\n<li><a href=\"https:\/\/news.google.com\/rss\/articles\/CBMixgFBVV95cUxQZDNTWFZQT3NaRm90X1dmdTZLRU1wTGx2YlM1VzNJbGlNWDhfU29xUDVpNVEyYWFqS2RjcTVOcnZPeVhqTjNZUnlOV0dKbVZLYkF4UlE1N1FZRXEtWWFxNXBkaXFHUjM0UmJnX3I5MG1DY2h4Qk5xc2IzMXR6eVBnUHMwV090dG8zMnhtXy1DdTk1RXdtOFVOR0tXX0ZMODVDVHpiZmR1Ni03LS1ma2dtUnUzMVc1MTNZTERJVHJhQmZzNFVHd0E?oc=5\" target=\"_blank\" rel=\"nofollow noopener\">Mudan\u00e7as de aspeto f\u00edsico de Mariana Fonseca dificultam &#8216;ca\u00e7a&#8217; a enfermeira assassina<\/a>&nbsp;&nbsp;cmjornal.pt<\/li>\n<li><a href=\"https:\/\/news.google.com\/rss\/articles\/CBMiuwFBVV95cUxNNmFWZWJxUWpTdFBFMkt5TmJrajROSXhYcXk4c01tQjlBMWdFeFV5VnVqT0ZuZjVoWGhtZFdhUEwtcDhZVEdxSWRKSzJBdGI0bVFzSlBfSEZaQ2pIbGh1UWhXaGtuOVdYanRxaWF4V2JldldtMDJVNEQwYlBiRkFzMUxnQW54STNOaXFGU1RiZ3JMT05HMXVMY2JFWU1oVHVPVkVIOFIzc0FNekN2RUNZSzVrMXZKZmJ4YjY4?oc=5\" target=\"_blank\" rel=\"nofollow noopener\">Acidentes com tratores matam 43 pessoas em 2025<\/a>&nbsp;&nbsp;cmjornal.pt<\/li>\n<li><a href=\"https:\/\/news.google.com\/rss\/articles\/CBMitAFBVV95cUxPTmd5SXRrWmJsdzhfaDNwclJpTU1vZ2gxOFVFa1Zjdkp1a0tQVV8zd0Fha1dhQWlvQWFZS1VqNmN6OTlfQ3dJNmZ4dWhQazBBNnVsNlRFVW5HNW9ldWZDdVpMeWlKNnVDclhFeFlRTDV5aFcyOTFYQ2YzamtlcktBUXVjaW9EUGtSTDFqX3lqT09OdlhWdHhnUVNPRHR5MTR3ZzJpVTREYV9DXzZ3RGh4OHdiRlE?oc=5\" target=\"_blank\" rel=\"nofollow noopener\">Ol\u00e1 2026! As imagens das celebra\u00e7\u00f5es de Ano Novo pelo Mundo<\/a>&nbsp;&nbsp;cmjornal.pt<\/li>\n<li><a href=\"https:\/\/news.google.com\/rss\/articles\/CBMi8gFBVV95cUxObUFkSEhYNFBQalFmcEdfUl9aZHUzekdNbnhNNUJSZ0N5Nml4SzZ2NndOc09XY1dUWFNhZG1NVnhvNXJNd1F1R1FuVjFvVlNwTmltdGtPZlhhalpaV3NpaVQ3Q1I0TWZ4cGVTNzVqdzB5R2hMQ2ctb1V4RGlrMU1FU29DVV9JWGs3WGVnOVR0bXNQVk9VQjBVc0RvVVFSNDhDenVWSEgybXpoY01XekZMcUJpR3NZWHhFaXNJS3UtVlpRd2lLaVA1ZkEtUXZqaUQ5TmdraFlXVEllY2g0MjNWT09PUmhBMEZhSUlhZnhKTm1SQQ?oc=5\" target=\"_blank\" rel=\"nofollow noopener\">&#8220;Deu-me uma inje\u00e7\u00e3o que me deixou praticamente impotente&#8221;: mulher abusada v\u00e1rias vezes por ortopedista recorda o trauma<\/a>&nbsp;&nbsp;cmjornal.pt<\/li>\n<li><a href=\"https:\/\/news.google.com\/rss\/articles\/CBMioAFBVV95cUxNcDdzVTlfWC1JWlNWY2pkSkY0eXd1SFJCOE85MVQxUjR6VnVEYURacnhRellwSVlobmwxR2R2Z0ZabW5QTzFOOTIyak5VN212ZjVkQTl0eTlxSTFYeUc5Z2tROFk0TFV2YXN2b0NxSzd0QUFsd2xfeTlZRFk0YXVRaWJITERlN3dPVHFQU3FxTzBBT0JqT0R3Nm0wNE5sUlNI?oc=5\" target=\"_blank\" rel=\"nofollow noopener\">Quatro pessoas presas ap\u00f3s edif\u00edcio colapsar em Nairobi<\/a>&nbsp;&nbsp;cmjornal.pt<\/li>\n<\/ol>\n","protected":false},"excerpt":{"rendered":"Mudan\u00e7as de aspeto f\u00edsico de Mariana Fonseca dificultam &#8216;ca\u00e7a&#8217; a enfermeira assassina&nbsp;&nbsp;cmjornal.pt Acidentes com tratores matam 43 pessoas&hellip;\n","protected":false},"author":2,"featured_media":212590,"comment_status":"","ping_status":"","sticky":false,"template":"","format":"standard","meta":{"footnotes":""},"categories":[10],"tags":[27,28,14692,15,16,14,25,26,21,22,12,13,19,20,32,23,24,33,17,18,29,30,31],"class_list":{"0":"post-212589","1":"post","2":"type-post","3":"status-publish","4":"format-standard","5":"has-post-thumbnail","7":"category-portugal","8":"tag-breaking-news","9":"tag-breakingnews","10":"tag-caca","11":"tag-featured-news","12":"tag-featurednews","13":"tag-headlines","14":"tag-latest-news","15":"tag-latestnews","16":"tag-main-news","17":"tag-mainnews","18":"tag-news","19":"tag-noticias","20":"tag-noticias-principais","21":"tag-noticiasprincipais","22":"tag-portugal","23":"tag-principais-noticias","24":"tag-principaisnoticias","25":"tag-pt","26":"tag-top-stories","27":"tag-topstories","28":"tag-ultimas","29":"tag-ultimas-noticias","30":"tag-ultimasnoticias"},"share_on_mastodon":{"url":"https:\/\/pubeurope.com\/@pt\/115827789252787148","error":""},"_links":{"self":[{"href":"https:\/\/www.europesays.com\/pt\/wp-json\/wp\/v2\/posts\/212589","targetHints":{"allow":["GET"]}}],"collection":[{"href":"https:\/\/www.europesays.com\/pt\/wp-json\/wp\/v2\/posts"}],"about":[{"href":"https:\/\/www.europesays.com\/pt\/wp-json\/wp\/v2\/types\/post"}],"author":[{"embeddable":true,"href":"https:\/\/www.europesays.com\/pt\/wp-json\/wp\/v2\/users\/2"}],"replies":[{"embeddable":true,"href":"https:\/\/www.europesays.com\/pt\/wp-json\/wp\/v2\/comments?post=212589"}],"version-history":[{"count":0,"href":"https:\/\/www.europesays.com\/pt\/wp-json\/wp\/v2\/posts\/212589\/revisions"}],"wp:featuredmedia":[{"embeddable":true,"href":"https:\/\/www.europesays.com\/pt\/wp-json\/wp\/v2\/media\/212590"}],"wp:attachment":[{"href":"https:\/\/www.europesays.com\/pt\/wp-json\/wp\/v2\/media?parent=212589"}],"wp:term":[{"taxonomy":"category","embeddable":true,"href":"https:\/\/www.europesays.com\/pt\/wp-json\/wp\/v2\/categories?post=212589"},{"taxonomy":"post_tag","embeddable":true,"href":"https:\/\/www.europesays.com\/pt\/wp-json\/wp\/v2\/tags?post=212589"}],"curies":[{"name":"wp","href":"https:\/\/api.w.org\/{rel}","templated":true}]}}