{"id":212603,"date":"2026-01-02T22:21:07","date_gmt":"2026-01-02T22:21:07","guid":{"rendered":"https:\/\/www.europesays.com\/pt\/212603\/"},"modified":"2026-01-02T22:21:07","modified_gmt":"2026-01-02T22:21:07","slug":"paquistao-condena-a-prisao-perpetua-jornalistas-e-youtuber-por-terrorismo-digital-asia","status":"publish","type":"post","link":"https:\/\/www.europesays.com\/pt\/212603\/","title":{"rendered":"Paquist\u00e3o condena \u00e0 pris\u00e3o perp\u00e9tua jornalistas e youtuber por \u201cterrorismo digital\u201d | \u00c1sia"},"content":{"rendered":"<p>Um tribunal do Paquist\u00e3o condenou, esta sexta-feira, sete pessoas \u2013 incluindo jornalistas e um youtuber \u2014 a penas de pris\u00e3o perp\u00e9tua pelo que entende ser um caso de \u201cterrorismo digital\u201d, devido ao que publicaram na Internet durante os dist\u00farbios que se seguiram \u00e0 deten\u00e7\u00e3o do antigo primeiro-ministro Imran Khan, em 2023.<\/p>\n<p>Na lista do Tribunal Antiterrorismo do Paquist\u00e3o, que conduziu o caso, est\u00e3o Wajahat Saeed Khan, Sabir Shakir e Shaheen Sehbai, todos jornalistas; Adil Raja, antigo militar que, entretanto, se tornou youtuber; o militar Syed Akbar Hussain; o apresentador Haider Raza Mehdi; e o analista Moeed Pirzada. A decis\u00e3o chega apenas alguns dias depois de Raja, que vive actualmente no Reino Unido, ter sido declarado proscrito pelas autoridades.<\/p>\n<p>Todos foram julgados in absentia, visto que a maioria est\u00e1 fora do Paquist\u00e3o, com base na acusa\u00e7\u00e3o de que teriam usado plataformas digitais para incitar, facilitar e amplificar os ataques \u201ccontra institui\u00e7\u00f5es do Estado\u201d no dia 9 de Maio de 2023, quando se registaram grandes manifesta\u00e7\u00f5es de apoio a <a href=\"https:\/\/www.publico.pt\/2024\/01\/30\/mundo\/noticia\/imran-khan-condenado-dez-anos-cadeia-semana-eleicoes-paquistao-2078594\" target=\"_blank\" rel=\"nofollow noopener\">Imran Khan<\/a>. O tribunal argumenta que os acusados \u201cca\u00edram dentro do \u00e2mbito do terrorismo\u201d com o material que publicaram na Internet, promovendo o \u201cmedo e inquieta\u00e7\u00e3o\u201d entre a popula\u00e7\u00e3o.<\/p>\n<p>        &#13;<\/p>\n<p>&#13;<br \/>\n                &#13;\n            <\/p>\n<p>&#13;<\/p>\n<p>Al\u00e9m das duas penas de pris\u00e3o perp\u00e9tua para cada um dos acusados, foram condenados tamb\u00e9m a penas mais curtas \u2014 entre os dez e os cinco anos \u2014 e ao pagamento de multas. Se n\u00e3o as pagarem, as penas aumentam em seis meses, escreve o di\u00e1rio paquistan\u00eas <a href=\"https:\/\/www.dawn.com\/news\/1964657\/islamabad-atc-hands-double-life-sentences-to-youtuber-adil-raja-6-others-for-waging-war-against-pakistan\" target=\"_blank\" rel=\"nofollow noopener\">Dawn<\/a>, que teve acesso ao processo. As senten\u00e7as t\u00eam ainda de ser confirmadas pelo Supremo Tribunal.<\/p>\n<p>Em causa est\u00e3o os desacatos e viol\u00eancia registados em Maio de 2023, marcado por assaltos a edif\u00edcios oficiais e instala\u00e7\u00f5es militares, depois da deten\u00e7\u00e3o do antigo primeiro-ministro, Imran Khan \u2014 antiga estrela de cr\u00edquete e muito popular no pa\u00eds, que conseguiu o cargo depois de umas disputadas elei\u00e7\u00f5es em 2018, mas foi destitu\u00eddo em Abril de 2022, depois de uma mo\u00e7\u00e3o de censura.<\/p>\n<p>O seu afastamento da pol\u00edtica e posterior deten\u00e7\u00e3o levantou cr\u00edticas, porque muitos acharam que se tratava de um processo com motiva\u00e7\u00f5es pol\u00edticas. Khan foi, entretanto, condenado a v\u00e1rias penas de pris\u00e3o por corrup\u00e7\u00e3o e outros crimes, motivo pelo qual continua na pris\u00e3o. <a href=\"https:\/\/www.abc.net.au\/news\/2025-12-20\/imran-khan-bushra-bibi-sentenced-17-years-prison-graft-pakistan\/106166948\" target=\"_blank\" rel=\"nofollow noopener\">Ainda na semana passada<\/a>, soube-se que seria condenado a mais 17 anos de pris\u00e3o por um esquema que envolvia a compra de rel\u00f3gios de luxo, presentes de Estado, a baixo valor.<\/p>\n<p>Para conter as <a href=\"https:\/\/www.publico.pt\/2023\/05\/10\/mundo\/noticia\/exercito-ruas-paquistao-conter-tumultos-apoiantes-khan-2049148https:\/\/www.publico.pt\/2023\/05\/10\/mundo\/noticia\/exercito-ruas-paquistao-conter-tumultos-apoiantes-khan-2049148\" rel=\"nofollow noopener\" target=\"_blank\">manifesta\u00e7\u00f5es de apoio ao ex-primeiro-ministro<\/a>, Governo e For\u00e7as Armadas iniciaram uma campanha de repress\u00e3o que envolveu tamb\u00e9m os tribunais, usando as leis contra o terrorismo e os julgamentos militares a seu favor.<\/p>\n<p>Em 2023, v\u00e1rias organiza\u00e7\u00f5es de protec\u00e7\u00e3o dos direitos humanos alertaram para o facto de os casos contra jornalistas e youtubers poderem ser usados como retalia\u00e7\u00e3o por parte das autoridades contra uma imprensa livre e cr\u00edtica. \u201cAs autoridades devem deixar cair estas acusa\u00e7\u00f5es imediatamente e parar com a intimida\u00e7\u00e3o e censura dos meios de comunica\u00e7\u00e3o\u201d, dizia a coordenadora para o programa da \u00c1sia do Comit\u00e9 para a Protec\u00e7\u00e3o de Jornalistas, Beh Lih Yi.<\/p>\n<p>Tamb\u00e9m a Amnistia Internacional e Rep\u00f3rteres sem Fronteiras denunciaram \u201ca repress\u00e3o \u00e0s vozes cr\u00edticas ao Estado e aos militares\u201d e o uso da lei para \u201csilenciar comentadores e jornalistas\u201d.<\/p>\n","protected":false},"excerpt":{"rendered":"Um tribunal do Paquist\u00e3o condenou, esta sexta-feira, sete pessoas \u2013 incluindo jornalistas e um youtuber \u2014 a penas&hellip;\n","protected":false},"author":2,"featured_media":212604,"comment_status":"","ping_status":"","sticky":false,"template":"","format":"standard","meta":{"footnotes":""},"categories":[50],"tags":[367,27,28,15,16,14,25,26,3806,21,22,715,62,12,13,19,20,4119,23,24,17,18,29,30,31,63,64,65],"class_list":{"0":"post-212603","1":"post","2":"type-post","3":"status-publish","4":"format-standard","5":"has-post-thumbnail","7":"category-mundo","8":"tag-asia","9":"tag-breaking-news","10":"tag-breakingnews","11":"tag-featured-news","12":"tag-featurednews","13":"tag-headlines","14":"tag-latest-news","15":"tag-latestnews","16":"tag-liberdade-de-imprensa","17":"tag-main-news","18":"tag-mainnews","19":"tag-media","20":"tag-mundo","21":"tag-news","22":"tag-noticias","23":"tag-noticias-principais","24":"tag-noticiasprincipais","25":"tag-paquistao","26":"tag-principais-noticias","27":"tag-principaisnoticias","28":"tag-top-stories","29":"tag-topstories","30":"tag-ultimas","31":"tag-ultimas-noticias","32":"tag-ultimasnoticias","33":"tag-world","34":"tag-world-news","35":"tag-worldnews"},"share_on_mastodon":{"url":"https:\/\/pubeurope.com\/@pt\/115827840301343681","error":""},"_links":{"self":[{"href":"https:\/\/www.europesays.com\/pt\/wp-json\/wp\/v2\/posts\/212603","targetHints":{"allow":["GET"]}}],"collection":[{"href":"https:\/\/www.europesays.com\/pt\/wp-json\/wp\/v2\/posts"}],"about":[{"href":"https:\/\/www.europesays.com\/pt\/wp-json\/wp\/v2\/types\/post"}],"author":[{"embeddable":true,"href":"https:\/\/www.europesays.com\/pt\/wp-json\/wp\/v2\/users\/2"}],"replies":[{"embeddable":true,"href":"https:\/\/www.europesays.com\/pt\/wp-json\/wp\/v2\/comments?post=212603"}],"version-history":[{"count":0,"href":"https:\/\/www.europesays.com\/pt\/wp-json\/wp\/v2\/posts\/212603\/revisions"}],"wp:featuredmedia":[{"embeddable":true,"href":"https:\/\/www.europesays.com\/pt\/wp-json\/wp\/v2\/media\/212604"}],"wp:attachment":[{"href":"https:\/\/www.europesays.com\/pt\/wp-json\/wp\/v2\/media?parent=212603"}],"wp:term":[{"taxonomy":"category","embeddable":true,"href":"https:\/\/www.europesays.com\/pt\/wp-json\/wp\/v2\/categories?post=212603"},{"taxonomy":"post_tag","embeddable":true,"href":"https:\/\/www.europesays.com\/pt\/wp-json\/wp\/v2\/tags?post=212603"}],"curies":[{"name":"wp","href":"https:\/\/api.w.org\/{rel}","templated":true}]}}