{"id":212616,"date":"2026-01-02T22:30:09","date_gmt":"2026-01-02T22:30:09","guid":{"rendered":"https:\/\/www.europesays.com\/pt\/212616\/"},"modified":"2026-01-02T22:30:09","modified_gmt":"2026-01-02T22:30:09","slug":"video-joao-felix-e-rui-pedro-braz-pegam-se-apos-o-al-ahli-al-nassr","status":"publish","type":"post","link":"https:\/\/www.europesays.com\/pt\/212616\/","title":{"rendered":"V\u00cdDEO: Jo\u00e3o F\u00e9lix e Rui Pedro Braz \u00abpegam-se\u00bb ap\u00f3s o Al Ahli-Al Nassr"},"content":{"rendered":"<p data-end=\"413\" data-start=\"223\"><a href=\"https:\/\/maisfutebol.iol.pt\/arabia-saudita\/internacional\/video-ex-sporting-impoe-primeira-derrota-no-campeonato-ao-al-nassr-de-ronaldo\" target=\"_blank\" rel=\"nofollow noopener\">O final do encontro entre Al Ahli e Al Nassr<\/a>, da liga saudita, ficou marcado por um momento de tens\u00e3o protagonizado por Jo\u00e3o F\u00e9lix e Rui Pedro Braz, antigo jogador e ex-dirigente do Benfica.<\/p>\n<p data-end=\"764\" data-start=\"415\">J\u00e1 ap\u00f3s o apito final, e em pleno relvado, o internacional portugu\u00eas e o atual Diretor Desportivo do Al Ahli envolveram-se numa troca de palavras visivelmente acesa.<\/p>\n<p data-end=\"764\" data-start=\"415\">As imagens, entretanto divulgadas em v\u00eddeo, mostram os dois numa discuss\u00e3o prolongada, obrigando \u00e0 interven\u00e7\u00e3o de outros elementos das equipas t\u00e9cnicas para evitar que a situa\u00e7\u00e3o escalasse.<\/p>\n<p data-end=\"958\" data-start=\"766\">O epis\u00f3dio aconteceu num contexto de frustra\u00e7\u00e3o para o Al Nassr, que saiu derrotado por 3-2 frente ao Al Ahli, sofrendo a primeira derrota no campeonato, apesar de manter a lideran\u00e7a da prova.<\/p>\n<p data-end=\"958\" data-start=\"766\"><strong>Veja aqui o momento:<\/strong><\/p>\n","protected":false},"excerpt":{"rendered":"O final do encontro entre Al Ahli e Al Nassr, da liga saudita, ficou marcado por um momento&hellip;\n","protected":false},"author":2,"featured_media":212617,"comment_status":"","ping_status":"","sticky":false,"template":"","format":"standard","meta":{"footnotes":""},"categories":[87],"tags":[5815,685,1145,135,903,46,32,33,47,14988,134],"class_list":{"0":"post-212616","1":"post","2":"type-post","3":"status-publish","4":"format-standard","5":"has-post-thumbnail","7":"category-desporto","8":"tag-al-ahli","9":"tag-al-nassr","10":"tag-arabia-saudita","11":"tag-desporto","12":"tag-joao-felix","13":"tag-maisfutebol","14":"tag-portugal","15":"tag-pt","16":"tag-pura-paixao","17":"tag-rui-pedro-braz","18":"tag-sports"},"share_on_mastodon":{"url":"https:\/\/pubeurope.com\/@pt\/115827876001126259","error":""},"_links":{"self":[{"href":"https:\/\/www.europesays.com\/pt\/wp-json\/wp\/v2\/posts\/212616","targetHints":{"allow":["GET"]}}],"collection":[{"href":"https:\/\/www.europesays.com\/pt\/wp-json\/wp\/v2\/posts"}],"about":[{"href":"https:\/\/www.europesays.com\/pt\/wp-json\/wp\/v2\/types\/post"}],"author":[{"embeddable":true,"href":"https:\/\/www.europesays.com\/pt\/wp-json\/wp\/v2\/users\/2"}],"replies":[{"embeddable":true,"href":"https:\/\/www.europesays.com\/pt\/wp-json\/wp\/v2\/comments?post=212616"}],"version-history":[{"count":0,"href":"https:\/\/www.europesays.com\/pt\/wp-json\/wp\/v2\/posts\/212616\/revisions"}],"wp:featuredmedia":[{"embeddable":true,"href":"https:\/\/www.europesays.com\/pt\/wp-json\/wp\/v2\/media\/212617"}],"wp:attachment":[{"href":"https:\/\/www.europesays.com\/pt\/wp-json\/wp\/v2\/media?parent=212616"}],"wp:term":[{"taxonomy":"category","embeddable":true,"href":"https:\/\/www.europesays.com\/pt\/wp-json\/wp\/v2\/categories?post=212616"},{"taxonomy":"post_tag","embeddable":true,"href":"https:\/\/www.europesays.com\/pt\/wp-json\/wp\/v2\/tags?post=212616"}],"curies":[{"name":"wp","href":"https:\/\/api.w.org\/{rel}","templated":true}]}}