{"id":212644,"date":"2026-01-02T22:48:12","date_gmt":"2026-01-02T22:48:12","guid":{"rendered":"https:\/\/www.europesays.com\/pt\/212644\/"},"modified":"2026-01-02T22:48:12","modified_gmt":"2026-01-02T22:48:12","slug":"chefe-dos-banqueiros-europeus-escondeu-parte-do-salario-ganha-mais-de-700-mil-euros-por-ano","status":"publish","type":"post","link":"https:\/\/www.europesays.com\/pt\/212644\/","title":{"rendered":"Chefe dos banqueiros europeus &#8220;escondeu&#8221; parte do sal\u00e1rio. Ganha mais de 700 mil euros por ano"},"content":{"rendered":"<p data-remotead-prev-elm=\"true\" data-remotead-elm-id=\"inread\">Com este valor, a antiga ministra francesa recebe mais do triplo dos 203 mil euros auferidos pelo presidente da Reserva Federal (Fed), J\u00e9r\u00f4me Powell, e supera em 21% o sal\u00e1rio da presidente da Comiss\u00e3o Europeia, Ursula von der Leyen. Al\u00e9m do sal\u00e1rio base (466 mil euros), Lagarde recebe 135 mil euros em presta\u00e7\u00f5es complementares para habita\u00e7\u00e3o e outras despesas. O relat\u00f3rio anual do BCE n\u00e3o revela uma vis\u00e3o detalhada dos servi\u00e7os complementares pagos aos membros da dire\u00e7\u00e3o.<\/p>\n<p>Lagarde recebeu ainda, aproximadamente, 125 mil euros pela sua fun\u00e7\u00e3o como uma das 18 membros do conselho de administra\u00e7\u00e3o do Banco de Compensa\u00e7\u00f5es Internacionais (BIS, na sigla em ingl\u00eas). O relat\u00f3rio do BCE n\u00e3o menciona esta remunera\u00e7\u00e3o e o BIS apenas divulga a remunera\u00e7\u00e3o total dos membros do seu conselho de administra\u00e7\u00e3o.<\/p>\n<p>A Fed confirmou ao &#8220;Financial Times&#8221; que Powell n\u00e3o recebeu qualquer remunera\u00e7\u00e3o pela sua presen\u00e7a no conselho do BIS, por as leis do pa\u00eds proibirem os funcion\u00e1rios p\u00fablicos de receberem sal\u00e1rios de entidades estrangeiras.<\/p>\n<p data-remotead-prev-elm=\"true\" data-remotead-elm-id=\"centro1\">Os c\u00e1lculos do &#8220;Financial Times&#8221; baseiam-se na informa\u00e7\u00e3o anual do BCE e do BIS, bem como num documento t\u00e9cnico que detalha os &#8220;termos e condi\u00e7\u00f5es&#8221; de remunera\u00e7\u00e3o dos principais cargos da primeira institui\u00e7\u00e3o. As estimativas n\u00e3o incluem as contribui\u00e7\u00f5es do BCE para a pens\u00e3o de Lagarde, nem o custo dos seus planos de sa\u00fade ou de seguran\u00e7a, devido \u00e0 falta de dados dispon\u00edveis.<\/p>\n<p>O banco respondeu em comunicado que o cargo de presidente foi fixado por uma comiss\u00e3o de remunera\u00e7\u00f5es e pelo Conselho de Administra\u00e7\u00e3o, durante a cria\u00e7\u00e3o do BCE em 1998, e que os aumentos salariais ocorreram apenas em conson\u00e2ncia com os aumentos que afetam todos os seus funcion\u00e1rios. O BCE, ao contr\u00e1rio das empresas privadas, n\u00e3o tem uma regulamenta\u00e7\u00e3o t\u00e3o rigorosa, que o obrigue a fornecer uma &#8220;ideia completa e fi\u00e1vel da sua remunera\u00e7\u00e3o&#8221;.<\/p>\n","protected":false},"excerpt":{"rendered":"Com este valor, a antiga ministra francesa recebe mais do triplo dos 203 mil euros auferidos pelo presidente&hellip;\n","protected":false},"author":2,"featured_media":212645,"comment_status":"","ping_status":"","sticky":false,"template":"","format":"standard","meta":{"footnotes":""},"categories":[83],"tags":[88,1216,89,90,62,32,33],"class_list":{"0":"post-212644","1":"post","2":"type-post","3":"status-publish","4":"format-standard","5":"has-post-thumbnail","7":"category-empresas","8":"tag-business","9":"tag-christine-lagarde","10":"tag-economy","11":"tag-empresas","12":"tag-mundo","13":"tag-portugal","14":"tag-pt"},"share_on_mastodon":{"url":"https:\/\/pubeurope.com\/@pt\/115827946488559315","error":""},"_links":{"self":[{"href":"https:\/\/www.europesays.com\/pt\/wp-json\/wp\/v2\/posts\/212644","targetHints":{"allow":["GET"]}}],"collection":[{"href":"https:\/\/www.europesays.com\/pt\/wp-json\/wp\/v2\/posts"}],"about":[{"href":"https:\/\/www.europesays.com\/pt\/wp-json\/wp\/v2\/types\/post"}],"author":[{"embeddable":true,"href":"https:\/\/www.europesays.com\/pt\/wp-json\/wp\/v2\/users\/2"}],"replies":[{"embeddable":true,"href":"https:\/\/www.europesays.com\/pt\/wp-json\/wp\/v2\/comments?post=212644"}],"version-history":[{"count":0,"href":"https:\/\/www.europesays.com\/pt\/wp-json\/wp\/v2\/posts\/212644\/revisions"}],"wp:featuredmedia":[{"embeddable":true,"href":"https:\/\/www.europesays.com\/pt\/wp-json\/wp\/v2\/media\/212645"}],"wp:attachment":[{"href":"https:\/\/www.europesays.com\/pt\/wp-json\/wp\/v2\/media?parent=212644"}],"wp:term":[{"taxonomy":"category","embeddable":true,"href":"https:\/\/www.europesays.com\/pt\/wp-json\/wp\/v2\/categories?post=212644"},{"taxonomy":"post_tag","embeddable":true,"href":"https:\/\/www.europesays.com\/pt\/wp-json\/wp\/v2\/tags?post=212644"}],"curies":[{"name":"wp","href":"https:\/\/api.w.org\/{rel}","templated":true}]}}