{"id":212646,"date":"2026-01-02T22:49:07","date_gmt":"2026-01-02T22:49:07","guid":{"rendered":"https:\/\/www.europesays.com\/pt\/212646\/"},"modified":"2026-01-02T22:49:07","modified_gmt":"2026-01-02T22:49:07","slug":"escrava-sexual-para-sempre-refem-afirma-ter-sido-agredida-por-quatro-militantes-do-hamas","status":"publish","type":"post","link":"https:\/\/www.europesays.com\/pt\/212646\/","title":{"rendered":"&#8220;Escrava sexual para sempre&#8221;. Ref\u00e9m afirma ter sido agredida por quatro militantes do Hamas"},"content":{"rendered":"<p data-remotead-prev-elm=\"true\" data-remotead-elm-id=\"inread\">&#8220;Ningu\u00e9m me vai mandar calar. Estou aqui, ganhei&#8221;, disse Gonen, de 25 anos, ao Canal 12, de Israel, numa entrevista dividida em duas partes, a segunda das quais foi transmitida na noite de quinta-feira.<\/p>\n<p>Gonen descreveu &#8220;diferentes tipos de agress\u00f5es sexuais sofridas em cativeiro, por quatro homens diferentes, com graus de gravidade variados&#8221;, sem nunca utilizar explicitamente a palavra &#8220;viola\u00e7\u00e3o&#8221;, mas insinuando o sucedido.<\/p>\n<p>A jovem, que foi libertada em janeiro de 2025 durante um cessar-fogo entre Israel e o Hamas, relatou como foi agredida por um dos guardas no quarto em que estava detida: &#8220;Comecei a chorar incontrolavelmente. Ele olhava para mim incessantemente e fazia sinal com o indicador na boca, dizendo &#8216;cuidado&#8217;. &#8216;Se n\u00e3o te acalmares, vou zangar-me.'&#8221;<\/p>\n<p data-remotead-prev-elm=\"true\" data-remotead-elm-id=\"centro1\">Noutro dia, o guarda seguiu-a at\u00e9 \u00e0 casa de banho. &#8220;E foi a\u00ed que fui agredida pela terceira vez. Durou quase meia hora&#8221;, contou. &#8220;Pensei: &#8216;Romi, Israel pensa que est\u00e1s morta, quando na verdade <strong>vais ser a escrava sexual dele para sempre<\/strong>&#8216;&#8221;, contou, recordando como se sentiu ap\u00f3s uma agress\u00e3o.<\/p>\n<p>A jovem contou ainda que, noutra ocasi\u00e3o, o agressor, que estava sentado num sof\u00e1, olhou para ela e perguntou: &#8220;Romi, est\u00e1s bem?&#8221;. <strong>&#8220;Na minha cabe\u00e7a, pensava: &#8216;Filho da p&#8230;, como \u00e9 que me podes perguntar isso?'&#8221;<\/strong>, afirmou. &#8220;Depois aproximou-se de mim, apontou a arma \u00e0 minha t\u00eampora e disse: &#8216;Se contares isto a algu\u00e9m, eu mato-te.'&#8221;<\/p>\n<blockquote data-type=\"articles\" data-id=\"related-article-18022105\"><p>\n              <strong>Leia tamb\u00e9m <\/strong><br \/>\n              <a href=\"https:\/\/www.jn.pt\/mundo\/artigo\/tocou-me-em-todo-o-corpo-refem-diz-que-foi-agredido-sexualmente-durante-cativeiro-em-gaza\/18022105\" rel=\"nofollow noopener\" target=\"_blank\">&#8220;Tocou-me em todo o corpo&#8221;. Ref\u00e9m diz que foi agredido sexualmente durante cativeiro em Gaza<\/a>\n            <\/p><\/blockquote>\n<p>V\u00e1rios israelitas e uma outra mulher que foram mantidos em cativeiro em Gaza e posteriormente libertados afirmaram ter sofrido agress\u00f5es sexuais.<\/p>\n<p data-remotead-prev-elm=\"true\" data-remotead-elm-id=\"centro2\">O movimento islamista palestiniano Hamas, que, juntamente com fa\u00e7\u00f5es palestinianas aliadas, manteve ref\u00e9ns capturados durante o ataque sem precedentes de 7 de outubro de 2023 contra Israel, nunca admitiu as agress\u00f5es. &#8220;Afirmamos que as alega\u00e7\u00f5es feitas pela reclusa s\u00e3o falsas&#8221;, disse \u00e0 AFP Suhail al-Hindi, membro do gabinete pol\u00edtico do Hamas, referindo-se a Romi Gonen.<\/p>\n<p>A jovem israelita estava no festival de m\u00fasica Nova, em Reim, perto de Gaza, quando foi raptada. Das 251 pessoas raptadas nesse dia, os militantes entregaram todos os prisioneiros, vivos e mortos, com exce\u00e7\u00e3o do corpo de um pol\u00edcia israelita.<\/p>\n<p>No m\u00eas passado, a organiza\u00e7\u00e3o de defesa dos direitos humanos Amnistia Internacional acusou o Hamas e outros grupos armados palestinianos de crimes contra a humanidade, incluindo tortura, desaparecimento for\u00e7ado, viola\u00e7\u00e3o e &#8220;outras formas de viol\u00eancia sexual&#8221;.<\/p>\n","protected":false},"excerpt":{"rendered":"&#8220;Ningu\u00e9m me vai mandar calar. Estou aqui, ganhei&#8221;, disse Gonen, de 25 anos, ao Canal 12, de Israel,&hellip;\n","protected":false},"author":2,"featured_media":212647,"comment_status":"","ping_status":"","sticky":false,"template":"","format":"standard","meta":{"footnotes":""},"categories":[50],"tags":[27,28,311,15,16,532,255,14,259,25,26,21,22,62,12,13,19,20,23,24,17,18,29,30,31,63,64,65],"class_list":{"0":"post-212646","1":"post","2":"type-post","3":"status-publish","4":"format-standard","5":"has-post-thumbnail","7":"category-mundo","8":"tag-breaking-news","9":"tag-breakingnews","10":"tag-conflito-israelo-palestiniano","11":"tag-featured-news","12":"tag-featurednews","13":"tag-gaza","14":"tag-hamas","15":"tag-headlines","16":"tag-israel","17":"tag-latest-news","18":"tag-latestnews","19":"tag-main-news","20":"tag-mainnews","21":"tag-mundo","22":"tag-news","23":"tag-noticias","24":"tag-noticias-principais","25":"tag-noticiasprincipais","26":"tag-principais-noticias","27":"tag-principaisnoticias","28":"tag-top-stories","29":"tag-topstories","30":"tag-ultimas","31":"tag-ultimas-noticias","32":"tag-ultimasnoticias","33":"tag-world","34":"tag-world-news","35":"tag-worldnews"},"share_on_mastodon":{"url":"https:\/\/pubeurope.com\/@pt\/115827950403288263","error":""},"_links":{"self":[{"href":"https:\/\/www.europesays.com\/pt\/wp-json\/wp\/v2\/posts\/212646","targetHints":{"allow":["GET"]}}],"collection":[{"href":"https:\/\/www.europesays.com\/pt\/wp-json\/wp\/v2\/posts"}],"about":[{"href":"https:\/\/www.europesays.com\/pt\/wp-json\/wp\/v2\/types\/post"}],"author":[{"embeddable":true,"href":"https:\/\/www.europesays.com\/pt\/wp-json\/wp\/v2\/users\/2"}],"replies":[{"embeddable":true,"href":"https:\/\/www.europesays.com\/pt\/wp-json\/wp\/v2\/comments?post=212646"}],"version-history":[{"count":0,"href":"https:\/\/www.europesays.com\/pt\/wp-json\/wp\/v2\/posts\/212646\/revisions"}],"wp:featuredmedia":[{"embeddable":true,"href":"https:\/\/www.europesays.com\/pt\/wp-json\/wp\/v2\/media\/212647"}],"wp:attachment":[{"href":"https:\/\/www.europesays.com\/pt\/wp-json\/wp\/v2\/media?parent=212646"}],"wp:term":[{"taxonomy":"category","embeddable":true,"href":"https:\/\/www.europesays.com\/pt\/wp-json\/wp\/v2\/categories?post=212646"},{"taxonomy":"post_tag","embeddable":true,"href":"https:\/\/www.europesays.com\/pt\/wp-json\/wp\/v2\/tags?post=212646"}],"curies":[{"name":"wp","href":"https:\/\/api.w.org\/{rel}","templated":true}]}}