{"id":212654,"date":"2026-01-02T22:55:07","date_gmt":"2026-01-02T22:55:07","guid":{"rendered":"https:\/\/www.europesays.com\/pt\/212654\/"},"modified":"2026-01-02T22:55:07","modified_gmt":"2026-01-02T22:55:07","slug":"stranger-things-vira-segundo-assunto-mais-comentado-no-x-apos-final","status":"publish","type":"post","link":"https:\/\/www.europesays.com\/pt\/212654\/","title":{"rendered":"Stranger Things vira segundo assunto mais comentado no X ap\u00f3s final"},"content":{"rendered":"<p>O lan\u00e7amento de seu epis\u00f3dio final pela\u00a0<strong>Netflix<\/strong>, no dia 31 de dezembro, levou a s\u00e9rie\u00a0<strong>Stranger Things<\/strong> ao topo dos assuntos mais comentados do X (antigo Twitter) neste in\u00edcio de ano.<\/p>\n<p>A hist\u00f3ria de Eleven (<strong>Millie Bobby Brown<\/strong>) ocupava, \u00e0s 8h da manh\u00e3 de hoje (2), a segunda posi\u00e7\u00e3o dos\u00a0<strong>Trending Topics Brasil<\/strong> nas \u00faltimas 24 horas, ultrapassando mais de 18,4 milh\u00f5es de men\u00e7\u00f5es, atr\u00e1s apenas da express\u00e3o <strong>Feliz Ano Novo<\/strong>. Os dados s\u00e3o da Nexus &#8211; Pesquisa e Intelig\u00eancia de Dados, recebidos com exclusividade pelo <strong>Omelete<\/strong>.<\/p>\n<p>Um dado interessante aponta para a hashtag criticando supostos cortes da temporada, como apontaram alguns f\u00e3s. O protesto n\u00e3o conseguiu ir muito al\u00e9m e n\u00e3o ocupou nenhum lugar relevante nos TTs. Os furos de roteiro foram um dos pontos mais debatidos por internautas, assim como a atua\u00e7\u00e3o de <strong>Millie Bobby Brown <\/strong>e uma suposta falta de entrosamento dela com o restante do grupo de atores.<\/p>\n<p>            Continua depois da Publicidade<\/p>\n<p>Al\u00e9m do t\u00edtulo da s\u00e9rie, os nomes de alguns personagens tamb\u00e9m figuraram nos Trending Topics, como Mike (<strong>Finn Wolfhard<\/strong>), que ocupou o 6\u00ba lugar, com 18,7 milh\u00f5es de men\u00e7\u00f5es, e Hopper (<strong>David Harbour<\/strong>), que ficou em 10\u00ba, com 2,6 milh\u00f5es de cita\u00e7\u00f5es.<\/p>\n<p>Na sequ\u00eancia, vieram Joyce (<strong>Winona Ryder<\/strong> &#8211; 11\u00ba, 2,3 milh\u00f5es), Vecna (<strong>Jamie Campbell Bower<\/strong> &#8211; 12\u00ba, 5,4\u00a0milh\u00f5es), Kali (<strong>Linnea Berthelsen\u00a0<\/strong>&#8211; 25\u00ba, 3,1 milh\u00f5es),\u00a0Henry (30\u00ba, 2,8 milh\u00f5es), Robin (<strong>Maya Hawke &#8211;<\/strong> 42\u00ba, 3 milh\u00f5es) e Derek (<strong>Jake Connelly<\/strong> &#8211; 66\u00ba, 439 mil).<\/p>\n<p>    Tudo sobre\u00a0Stranger Things<\/p>\n<p data-gtm-vis-first-on-screen67967661_30=\"1716115\" data-gtm-vis-has-fired67967661_30=\"1\" data-gtm-vis-total-visible-time67967661_30=\"100\">Stranger Things\u00a0acompanha um grupo de amigos adolescentes que se envolvem com conspira\u00e7\u00f5es governamentais na pequena cidade de Hawkins, no interior dos EUA, durante os anos 1980.<\/p>\n<p>            Continua depois da Publicidade<\/p>\n<p data-gtm-vis-first-on-screen67967661_30=\"1716115\" data-gtm-vis-has-fired67967661_30=\"1\" data-gtm-vis-total-visible-time67967661_30=\"100\"><strong>Millie Bobby Brown<\/strong>,\u00a0<strong>Finn Wolfhard<\/strong>,\u00a0<strong>Noah Schnapp<\/strong>,\u00a0<strong>Gaten Matarazzo<\/strong>,\u00a0<strong>Caleb McLaughlin\u00a0<\/strong>e\u00a0<strong>Sadie Sink\u00a0<\/strong>interpretam os protagonistas mirins, que come\u00e7am a lutar contra monstros vindo de uma misteriosa outra dimens\u00e3o conhecida como Mundo Invertido.<\/p>\n<p data-gtm-vis-first-on-screen67967661_30=\"1716115\" data-gtm-vis-has-fired67967661_30=\"1\" data-gtm-vis-total-visible-time67967661_30=\"100\">Ao redor deles est\u00e3o personagens adolescentes e adultos vividos por\u00a0<strong>Maya Hawke, Joe Keery, Natalia Dyer, Charlie Heaton, Winona Ryder<\/strong>\u00a0e\u00a0<strong>David Harbour<\/strong>.<\/p>\n<p data-gtm-vis-first-on-screen67967661_30=\"1716115\" data-gtm-vis-has-fired67967661_30=\"1\" data-gtm-vis-total-visible-time67967661_30=\"100\"><strong>Stranger Things<\/strong>\u00a0est\u00e1 completa no cat\u00e1logo da\u00a0<strong>Netflix<\/strong>.<\/p>\n","protected":false},"excerpt":{"rendered":"O lan\u00e7amento de seu epis\u00f3dio final pela\u00a0Netflix, no dia 31 de dezembro, levou a s\u00e9rie\u00a0Stranger Things ao topo&hellip;\n","protected":false},"author":2,"featured_media":212655,"comment_status":"","ping_status":"","sticky":false,"template":"","format":"standard","meta":{"footnotes":""},"categories":[142],"tags":[114,115,32,33,151],"class_list":{"0":"post-212654","1":"post","2":"type-post","3":"status-publish","4":"format-standard","5":"has-post-thumbnail","7":"category-tv","8":"tag-entertainment","9":"tag-entretenimento","10":"tag-portugal","11":"tag-pt","12":"tag-tv"},"share_on_mastodon":{"url":"https:\/\/pubeurope.com\/@pt\/115827973970724702","error":""},"_links":{"self":[{"href":"https:\/\/www.europesays.com\/pt\/wp-json\/wp\/v2\/posts\/212654","targetHints":{"allow":["GET"]}}],"collection":[{"href":"https:\/\/www.europesays.com\/pt\/wp-json\/wp\/v2\/posts"}],"about":[{"href":"https:\/\/www.europesays.com\/pt\/wp-json\/wp\/v2\/types\/post"}],"author":[{"embeddable":true,"href":"https:\/\/www.europesays.com\/pt\/wp-json\/wp\/v2\/users\/2"}],"replies":[{"embeddable":true,"href":"https:\/\/www.europesays.com\/pt\/wp-json\/wp\/v2\/comments?post=212654"}],"version-history":[{"count":0,"href":"https:\/\/www.europesays.com\/pt\/wp-json\/wp\/v2\/posts\/212654\/revisions"}],"wp:featuredmedia":[{"embeddable":true,"href":"https:\/\/www.europesays.com\/pt\/wp-json\/wp\/v2\/media\/212655"}],"wp:attachment":[{"href":"https:\/\/www.europesays.com\/pt\/wp-json\/wp\/v2\/media?parent=212654"}],"wp:term":[{"taxonomy":"category","embeddable":true,"href":"https:\/\/www.europesays.com\/pt\/wp-json\/wp\/v2\/categories?post=212654"},{"taxonomy":"post_tag","embeddable":true,"href":"https:\/\/www.europesays.com\/pt\/wp-json\/wp\/v2\/tags?post=212654"}],"curies":[{"name":"wp","href":"https:\/\/api.w.org\/{rel}","templated":true}]}}