{"id":212658,"date":"2026-01-02T22:58:20","date_gmt":"2026-01-02T22:58:20","guid":{"rendered":"https:\/\/www.europesays.com\/pt\/212658\/"},"modified":"2026-01-02T22:58:20","modified_gmt":"2026-01-02T22:58:20","slug":"taca-da-liga-luis-godinho-apita-sporting-joao-pinheiro-apita-benfica","status":"publish","type":"post","link":"https:\/\/www.europesays.com\/pt\/212658\/","title":{"rendered":"Ta\u00e7a da Liga: Lu\u00eds Godinho apita Sporting, Jo\u00e3o Pinheiro apita Benfica"},"content":{"rendered":"<p style=\"margin-bottom:11px\">A Federa\u00e7\u00e3o Portuguesa de Futebol divulgou esta sexta-feira as equipas de arbitragem para os jogos das meias-finais da Ta\u00e7a da Liga que est\u00e3o marcados para 6 e 7 de janeiro, para o Est\u00e1dio Dr. Magalh\u00e3es Pessoa, em Leiria.<\/p>\n<p>Assim, j\u00e1 na pr\u00f3xima ter\u00e7a-feira, Lu\u00eds Godinho vai apitar o duelo entre o Sporting e Vit\u00f3ria de Guimar\u00e3es, enquanto, no dia seguinte, ser\u00e1 a vez de Jo\u00e3o Pinheiro, o \u00e1rbitro do pol\u00e9mico Santa Clara-Sporting, apitar o Benfica-Sp. Braga.<\/p>\n<p><strong>As nomea\u00e7\u00f5es para as meias-finais<\/strong><\/p>\n<p><strong>Sporting-Vit\u00f3ria Guimar\u00e3es<\/strong><br \/>\u00c1rbitro: Lu\u00eds Godinho<br \/>Assistentes: Rui Teixeira e Pedro Mota<br \/>4.\u00ba \u00e1rbitro: H\u00e9lder Carvalho<br \/>VAR: Pedro Ferreira<br \/>AVAR: Nuno Eiras<\/p>\n<p><strong>Benfica-Sp. Braga<\/strong><br \/>\u00c1rbitro: Jo\u00e3o Pinheiro<br \/>Assistentes: Bruno Jesus e Luciano Maia<br \/>4.\u00ba \u00e1rbitro: Bruno Costa<br \/>VAR: Bruno Esteves<br \/>AVAR: Jonathan Babo<\/p>\n","protected":false},"excerpt":{"rendered":"A Federa\u00e7\u00e3o Portuguesa de Futebol divulgou esta sexta-feira as equipas de arbitragem para os jogos das meias-finais da&hellip;\n","protected":false},"author":2,"featured_media":8461,"comment_status":"","ping_status":"","sticky":false,"template":"","format":"standard","meta":{"footnotes":""},"categories":[87],"tags":[12416,51,135,3973,18193,46,32,33,47,1233,34,134,5344,2119],"class_list":{"0":"post-212658","1":"post","2":"type-post","3":"status-publish","4":"format-standard","5":"has-post-thumbnail","7":"category-desporto","8":"tag-arbitros","9":"tag-benfica","10":"tag-desporto","11":"tag-joao-pinheiro","12":"tag-luis-godinho","13":"tag-maisfutebol","14":"tag-portugal","15":"tag-pt","16":"tag-pura-paixao","17":"tag-sp-braga","18":"tag-sporting","19":"tag-sports","20":"tag-taca-da-liga","21":"tag-vitoria-guimaraes"},"share_on_mastodon":{"url":"https:\/\/pubeurope.com\/@pt\/115827985927985703","error":""},"_links":{"self":[{"href":"https:\/\/www.europesays.com\/pt\/wp-json\/wp\/v2\/posts\/212658","targetHints":{"allow":["GET"]}}],"collection":[{"href":"https:\/\/www.europesays.com\/pt\/wp-json\/wp\/v2\/posts"}],"about":[{"href":"https:\/\/www.europesays.com\/pt\/wp-json\/wp\/v2\/types\/post"}],"author":[{"embeddable":true,"href":"https:\/\/www.europesays.com\/pt\/wp-json\/wp\/v2\/users\/2"}],"replies":[{"embeddable":true,"href":"https:\/\/www.europesays.com\/pt\/wp-json\/wp\/v2\/comments?post=212658"}],"version-history":[{"count":0,"href":"https:\/\/www.europesays.com\/pt\/wp-json\/wp\/v2\/posts\/212658\/revisions"}],"wp:featuredmedia":[{"embeddable":true,"href":"https:\/\/www.europesays.com\/pt\/wp-json\/wp\/v2\/media\/8461"}],"wp:attachment":[{"href":"https:\/\/www.europesays.com\/pt\/wp-json\/wp\/v2\/media?parent=212658"}],"wp:term":[{"taxonomy":"category","embeddable":true,"href":"https:\/\/www.europesays.com\/pt\/wp-json\/wp\/v2\/categories?post=212658"},{"taxonomy":"post_tag","embeddable":true,"href":"https:\/\/www.europesays.com\/pt\/wp-json\/wp\/v2\/tags?post=212658"}],"curies":[{"name":"wp","href":"https:\/\/api.w.org\/{rel}","templated":true}]}}