{"id":212661,"date":"2026-01-02T23:00:12","date_gmt":"2026-01-02T23:00:12","guid":{"rendered":"https:\/\/www.europesays.com\/pt\/212661\/"},"modified":"2026-01-02T23:00:12","modified_gmt":"2026-01-02T23:00:12","slug":"5-perfumes-refrescantes-para-aguentar-o-calor-intenso-do-verao-2026","status":"publish","type":"post","link":"https:\/\/www.europesays.com\/pt\/212661\/","title":{"rendered":"5 perfumes refrescantes para aguentar o calor intenso do ver\u00e3o 2026"},"content":{"rendered":"<p>\n                Ler Resumo<\/p>\n<ul class=\"resume-list\" id=\"resume-list\" aria-hidden=\"true\">\n<li class=\"section-item section-intro\">\n<p>Introdu\u00e7\u00e3o<\/p>\n<p>Descubra os perfumes frescos ideais para o ver\u00e3o! Selecionamos 5 fragr\u00e2ncias que combinam leveza e boa fixa\u00e7\u00e3o, perfeitas para enfrentar o calor com eleg\u00e2ncia e conforto. De aromas c\u00edtricos sofisticados a notas que evocam a natureza, encontre sua assinatura olfativa da esta\u00e7\u00e3o.<\/p>\n<\/li>\n<li class=\"section-item section-topicos\">\n<ul>\n<li>A import\u00e2ncia de escolher perfumes refrescantes para o conforto no ver\u00e3o brasileiro.<\/li>\n<li>5 fragr\u00e2ncias leves que se destacam pela surpreendente fixa\u00e7\u00e3o na pele.<\/li>\n<li>Op\u00e7\u00f5es que v\u00e3o de cheiros que remetem a banho rec\u00e9m-tomado a brisas litor\u00e2neas.<\/li>\n<li>Notas que incluem c\u00edtricos, florais delicados, toques aqu\u00e1ticos e amadeirados.<\/li>\n<li>Perfumes com proje\u00e7\u00e3o ideal para o dia a dia sem causar desconforto no calor.<\/li>\n<\/ul>\n<\/li>\n<li class=\"section-item section-info\">\n<p style=\"margin: 0;\">Este resumo foi \u00fatil?<\/p>\n<p>\n                            \ud83d\udc4d<br \/>\ud83d\udc4e\n                        <\/p>\n<p>                    Resumo gerado por ferramenta de IA treinada pela reda\u00e7\u00e3o da Editora Abril.\n                <\/p>\n<\/li>\n<\/ul>\n<p>Os <a href=\"https:\/\/claudia.abril.com.br\/tudo-sobre\/perfumes\/\" target=\"_blank\" rel=\"noopener nofollow\"><strong>perfumes<\/strong><\/a> <strong>refrescantes<\/strong> s\u00e3o a escolha ideal para o <a href=\"https:\/\/claudia.abril.com.br\/tudo-sobre\/verao\/\" target=\"_blank\" rel=\"noopener nofollow\">ver\u00e3o<\/a>. Com composi\u00e7\u00f5es mais leves, eles proporcionam uma sensa\u00e7\u00e3o de frescor e limpeza na pele. <\/p>\n<p>Ao contr\u00e1rio das fragr\u00e2ncias densas, que podem se tornar sufocantes em temperaturas altas, os frescos mant\u00eam o conforto ao longo do dia. N\u00e3o \u00e0 toa, s\u00e3o os grandes favoritos da esta\u00e7\u00e3o, especialmente no Brasil, onde o calor costuma ser protagonista.<\/p>\n<p>Ainda assim, encontrar uma fragr\u00e2ncia leve que tamb\u00e9m tenha boa fixa\u00e7\u00e3o pode ser um desafio. Pensando nisso, selecionamos cinco perfumes frescos que valem a pena testar neste ver\u00e3o.<\/p>\n<p>              Priv\u00e9e Fresh Season Eau De Parfum<br \/>\n              <img loading=\"lazy\" decoding=\"async\" width=\"800\" height=\"800\" src=\"https:\/\/claudia.abril.com.br\/wp-content\/uploads\/2025\/12\/fresh-season-eau-de-parfum.avif?w=800\" class=\"attachment-size-large size-size-large\" alt=\"Foto de um perfume com a embalagem cil\u00edndrica e transparente\" title=\"fresh-season-eau-de-parfum\"\/><\/p>\n<p>Fresh Season n\u00e3o entrega apenas frescor, mas tamb\u00e9m sofistica\u00e7\u00e3o. A sa\u00edda c\u00edtrica evolui para notas verdes e florais delicadas, enquanto o fundo almiscarado prolonga a fragr\u00e2ncia na pele. O aroma \u00e9 limpo, elegante e moderno, o que possibilita seu uso tanto de dia quanto \u00e0 noite. A fixa\u00e7\u00e3o surpreende para uma fragr\u00e2ncia fresca, com proje\u00e7\u00e3o m\u00e9dia, para evitar desconfortos.<\/p>\n<p>              Ekos Ryo Chuva<br \/>\n              <img loading=\"lazy\" decoding=\"async\" width=\"1024\" height=\"1024\" src=\"https:\/\/www.europesays.com\/pt\/wp-content\/uploads\/2026\/01\/natura-ekos-perfume.jpg\" class=\"attachment-size-large size-size-large\" alt=\"Foto de um perfume com a embalagem verde\" title=\"natura-ekos-perfume\"\/><\/p>\n<p>    Continua ap\u00f3s a publicidade<\/p>\n<p>Inspirado nas chuvas da <a href=\"https:\/\/claudia.abril.com.br\/tudo-sobre\/amazonia\/\" target=\"_blank\" rel=\"noopener nofollow\">Amaz\u00f4nia<\/a>, Ekos Ryo Chuva traduz o frescor da \u00e1gua em movimento. As notas aquosas e verdes dominam a abertura, acompanhadas por um leve toque amadeirado ao fundo, que traz equil\u00edbrio. O cheiro remete a banho rec\u00e9m-tomado. A fixa\u00e7\u00e3o \u00e9 m\u00e9dia, e a proje\u00e7\u00e3o contida, fazendo dele um <a href=\"https:\/\/claudia.abril.com.br\/tudo-sobre\/guia-de-perfumes\/\" rel=\"nofollow noopener\" target=\"_blank\">perfume<\/a> ideal para dias muito quentes.<\/p>\n<p>              Nerolia Vetiver<br \/>\n              <img loading=\"lazy\" decoding=\"async\" width=\"900\" height=\"900\" src=\"https:\/\/claudia.abril.com.br\/wp-content\/uploads\/2025\/12\/aqua-allegoria-nerolia-vetiver.avif?w=900\" class=\"attachment-size-large size-size-large\" alt=\"Foto de um perfume com a embalagem transparente. A tampa tem ondula\u00e7\u00f5es\" title=\"aqua-allegoria-nerolia-vetiver\"\/><\/p>\n<p>O frescor ganha sofistica\u00e7\u00e3o absoluta nessa fragr\u00e2ncia. A flor de laranjeira, n\u00e9roli, \u00e9 elegante desde a sa\u00edda, contrastando com o vetiver terroso e levemente seco no fundo. O cheiro \u00e9 fresco, a fixa\u00e7\u00e3o \u00e9 boa para um <a href=\"https:\/\/claudia.abril.com.br\/beleza\/o-que-significam-as-diferentes-categorias-de-perfume\/\" rel=\"nofollow noopener\" target=\"_blank\">eau de toilette<\/a>, e a proje\u00e7\u00e3o \u00e9 equilibrada, para n\u00e3o se tornar um aroma excessivo.<\/p>\n<p>              Jo Malone London Wood Sage e Sea Salt<br \/>\n              <img loading=\"lazy\" decoding=\"async\" width=\"1000\" height=\"1000\" src=\"https:\/\/www.europesays.com\/pt\/wp-content\/uploads\/2026\/01\/jo-malone-london-wood-sage.webp.png\" class=\"attachment-size-large size-size-large\" alt=\"Foto de um perfume com a embalagem transparente\" title=\"jo-malone-london-wood-sage\"\/><\/p>\n<p>    Continua ap\u00f3s a publicidade<\/p>\n<p>Ele foge do \u00f3bvio dos c\u00edtricos tradicionais. O perfume mistura notas salgadas, minerais e arom\u00e1ticas com s\u00e1lvia, e tem um fundo amadeirado suave. \u00c9 uma fragr\u00e2ncia que remete ao vento no litoral, \u00e0 pele salgada e \u00e0 sensa\u00e7\u00e3o de liberdade. A proje\u00e7\u00e3o \u00e9 intimista e a fixa\u00e7\u00e3o moderada, mas o charme est\u00e1 justamente nessa aura natural.<\/p>\n<p>              Flor de Sol<br \/>\n              <img loading=\"lazy\" decoding=\"async\" width=\"1000\" height=\"1000\" src=\"https:\/\/www.europesays.com\/pt\/wp-content\/uploads\/2026\/01\/flor-de-sol-perfumista.webp.jpeg\" class=\"attachment-size-large size-size-large\" alt=\"Foto de um perfume com a embalagem quadrada. H\u00e1 tamb\u00e9m uma flor amarela no topo\" title=\"flor-de-sol-perfumista\"\/><\/p>\n<p>A fragr\u00e2ncia combina notas florais claras com um fundo levemente adocicado. O cheiro \u00e9 limpo, feminino e confort\u00e1vel, sem perder personalidade. A fixa\u00e7\u00e3o \u00e9 moderada, com dura\u00e7\u00e3o de 8 a 12 horas, e a proje\u00e7\u00e3o \u00e9 suave, para n\u00e3o criar aquele desconforto de perfume forte no ver\u00e3o.<\/p>\n<p>    Continua ap\u00f3s a publicidade<\/p>\n<p>Voc\u00ea tamb\u00e9m pode gostar de:<\/p>\n<p><\/p>\n<p><b>Assine a newsletter de CLAUDIA<\/b><\/p>\n<p>Receba sele\u00e7\u00f5es especiais de receitas, al\u00e9m das melhores dicas de amor &amp; sexo. E o melhor: sem pagar nada. Inscreva-se abaixo para receber as nossas newsletters:<\/p>\n<p>Assine a Newsletter CLAUDIA Cozinha<\/p>\n<p>\n                            Receba a melhor curadoria de conte\u00fados de gastronomia de CLAUDIA COZINHA.<br \/>\n                                <strong><br \/>\n                                    Inscreva-se aqui<br \/>\n                                <\/strong>para receber a nossa newsletter<\/p>\n<p>                            Cadastro efetuado com sucesso!<\/p>\n<p>Voc\u00ea receber\u00e1 nossa newsletter em breve.<\/p>\n<p>    Continua ap\u00f3s a publicidade<\/p>\n<p>Assine a Newsletter Amor &amp; Sexo<\/p>\n<p>\n                            Receba as melhores dicas de relacionamento e sexo. E o melhor: sem pagar nada.<\/p>\n<p>                                <strong><br \/>\n                                    Inscreva-se aqui<br \/>\n                                <\/strong>para receber a nossa newsletter<\/p>\n<p>                            Cadastro efetuado com sucesso!<\/p>\n<p>Voc\u00ea receber\u00e1 nossa newsletter em breve.<\/p>\n<p><b>Acompanhe o nosso WhatsApp<\/b><\/p>\n<p>Quer receber as \u00faltimas not\u00edcias, receitas e mat\u00e9rias incr\u00edveis de CLAUDIA direto no seu celular? \u00c9 s\u00f3 se inscrever aqui, <a href=\"https:\/\/whatsapp.com\/channel\/0029Va7rh5uCsU9Q7higqA2C\" rel=\"nofollow noopener\" target=\"_blank\">no nosso canal no WhatsApp<\/a>.\u00a0<\/p>\n<p><b>Acesse as not\u00edcias atrav\u00e9s de nosso app\u00a0<\/b><\/p>\n<p>Com o aplicativo de CLAUDIA, dispon\u00edvel para <a href=\"https:\/\/apps.apple.com\/br\/app\/claudia\/id433397151\" rel=\"nofollow noopener\" target=\"_blank\">iOS<\/a> e<a href=\"https:\/\/play.google.com\/store\/apps\/details?id=com.newspaperdirect.abril.claudia&amp;pli=1\" rel=\"nofollow noopener\" target=\"_blank\"> Android<\/a>, voc\u00ea confere as edi\u00e7\u00f5es impressas na \u00edntegra, e ainda ganha acesso ilimitado ao conte\u00fado dos apps de todos os t\u00edtulos Abril, como Veja e Superinteressante.<\/p>\n","protected":false},"excerpt":{"rendered":"Ler Resumo Introdu\u00e7\u00e3o Descubra os perfumes frescos ideais para o ver\u00e3o! Selecionamos 5 fragr\u00e2ncias que combinam leveza e&hellip;\n","protected":false},"author":2,"featured_media":212662,"comment_status":"","ping_status":"","sticky":false,"template":"","format":"standard","meta":{"footnotes":""},"categories":[85],"tags":[114,115,32,33],"class_list":{"0":"post-212661","1":"post","2":"type-post","3":"status-publish","4":"format-standard","5":"has-post-thumbnail","7":"category-entretenimento","8":"tag-entertainment","9":"tag-entretenimento","10":"tag-portugal","11":"tag-pt"},"share_on_mastodon":{"url":"https:\/\/pubeurope.com\/@pt\/115827993773898740","error":""},"_links":{"self":[{"href":"https:\/\/www.europesays.com\/pt\/wp-json\/wp\/v2\/posts\/212661","targetHints":{"allow":["GET"]}}],"collection":[{"href":"https:\/\/www.europesays.com\/pt\/wp-json\/wp\/v2\/posts"}],"about":[{"href":"https:\/\/www.europesays.com\/pt\/wp-json\/wp\/v2\/types\/post"}],"author":[{"embeddable":true,"href":"https:\/\/www.europesays.com\/pt\/wp-json\/wp\/v2\/users\/2"}],"replies":[{"embeddable":true,"href":"https:\/\/www.europesays.com\/pt\/wp-json\/wp\/v2\/comments?post=212661"}],"version-history":[{"count":0,"href":"https:\/\/www.europesays.com\/pt\/wp-json\/wp\/v2\/posts\/212661\/revisions"}],"wp:featuredmedia":[{"embeddable":true,"href":"https:\/\/www.europesays.com\/pt\/wp-json\/wp\/v2\/media\/212662"}],"wp:attachment":[{"href":"https:\/\/www.europesays.com\/pt\/wp-json\/wp\/v2\/media?parent=212661"}],"wp:term":[{"taxonomy":"category","embeddable":true,"href":"https:\/\/www.europesays.com\/pt\/wp-json\/wp\/v2\/categories?post=212661"},{"taxonomy":"post_tag","embeddable":true,"href":"https:\/\/www.europesays.com\/pt\/wp-json\/wp\/v2\/tags?post=212661"}],"curies":[{"name":"wp","href":"https:\/\/api.w.org\/{rel}","templated":true}]}}