{"id":212672,"date":"2026-01-02T23:09:10","date_gmt":"2026-01-02T23:09:10","guid":{"rendered":"https:\/\/www.europesays.com\/pt\/212672\/"},"modified":"2026-01-02T23:09:10","modified_gmt":"2026-01-02T23:09:10","slug":"se-eu-estivesse-solteiro-pedro-jorge-assume-que-poderia-interessar-se-por-ana-ou-liliana-selfie","status":"publish","type":"post","link":"https:\/\/www.europesays.com\/pt\/212672\/","title":{"rendered":"&quot;Se eu estivesse solteiro&#8230;&quot;: Pedro Jorge assume que poderia interessar-se por Ana&#8230; ou Liliana! &#8211; SELFIE"},"content":{"rendered":"<ol>\n<li><a href=\"https:\/\/news.google.com\/rss\/articles\/CBMikwJBVV95cUxOZTd5ZDdDR2J1X2drSXRxaEQ1ZHVvR3QzTHFSYTJSelpRMmgta054YmYyU204RkoxY0prUHpacldYVXp5UDJOMnJWUjY0ZUlBTlczbHBlWVc5NlBNbnFOdW4xNmRXWEh3aUpVdTdYT2dWRG9PcW5BUElfeGYxeDEyZlc1em4xcTVrQmszemUxckdVRTlnZmJ1YzFzZnFIOGw5anpwTllha0I4UG5GdmRYQ1hfR1BIalcySk11ZVdyYnpVVTBCWDV0U2hSVWZYeHV1TUVnXzUyS3d3Vi1Pa3MxVDk5TVZKVndha1A0Ml82d2lGX3hOWXVqbFJDdGJ6ZVZWeWpEdzRETWZ4VExxOW9MNHA3aw?oc=5\" target=\"_blank\" rel=\"nofollow noopener\">&#8220;Se eu estivesse solteiro&#8230;&#8221;: Pedro Jorge assume que poderia interessar-se por Ana&#8230; ou Liliana!<\/a>&nbsp;&nbsp;SELFIE<\/li>\n<li><a href=\"https:\/\/news.google.com\/rss\/articles\/CBMiwAFBVV95cUxOdlQyX0thQ1pUUnZoS0NlUUtKVEo2dEM0Q3Nld3RtWXBSN0NObFBmMF9KSVBYd2sxS1QzQmxWSVBDSWdzSGo3Q1NGN0ZfQnBad0EtU2NEQUFkNExSZXZhbjJKazdKVENnTmtUZy16NHBCcDlvem52YkY1dDJfV1BDaHBBSDQwcjF0enFlNmdEa2Fpc0hoQWtGLUxrcmlpb3p4U2MwM3B5bVlxYUpoQ01KckhTcWNYNW9WT1R5RmctVC0?oc=5\" target=\"_blank\" rel=\"nofollow noopener\">Como ser\u00e1 o futuro da rela\u00e7\u00e3o de Pedro e Marisa? Tar\u00f3loga faz &#8216;previs\u00e3o&#8217;: &#8220;Achas que sobrevivem?&#8221;<\/a>&nbsp;&nbsp;Maria.pt<\/li>\n<li><a href=\"https:\/\/news.google.com\/rss\/articles\/CBMi0gFBVV95cUxNZ2IyS1ZnSjIxRUI2ekk1M2VaMndJRHVKUHljWFhLc1lMelRtM25Fd3NDQXBWQzhZdUtNUTNXY2EwcEhIRXVvQnZRSUhmdU5sNHI2dUNWRjlVeEdoQ25jOHB4Nzg0RWxONGNNMkhUdUY4NkhnalEtN1Q1MjhyT0VGYUNnVC1KUTNpUmU5LUJ2VXgxQjhSYzZGRFNaeTZQeDRkVnhUNnU3WUpoWldSNU9TUFZPR09fa3Q3WTYxVzFTOUZ3N0p0TzhwTmlYd1lCTk90eGc?oc=5\" target=\"_blank\" rel=\"nofollow noopener\">Liliana revela o momento mais feliz que viveu no Secret Story&#8230; e n\u00e3o envolve F\u00e1bio!<\/a>&nbsp;&nbsp;Not\u00edcias de hoje &#8211; IOL<\/li>\n<li><a href=\"https:\/\/news.google.com\/rss\/articles\/CBMitgFBVV95cUxPcEctT3hRbFJEMlB0OUNQVXprMDR2ZElLLVBBR1ljei1yQjh3WmEtdk9CWl80YWxrNVNiOWdNQU10emRsdlN4MzZaeXBPYndDUXZvM09ieFZxRnNQQXZGNUJBbElCaWcyR3hnSEVFeW5zcVJhWWZWYjlQQkVzektBcWx2RlZGTk1Pa3Z1S2NMNHhubUQxazVxTjF4cDhLTDZtc2ZOc2J0a0JaZmplNTJ5T3pKTTFvQdIBtgFBVV95cUxPcEctT3hRbFJEMlB0OUNQVXprMDR2ZElLLVBBR1ljei1yQjh3WmEtdk9CWl80YWxrNVNiOWdNQU10emRsdlN4MzZaeXBPYndDUXZvM09ieFZxRnNQQXZGNUJBbElCaWcyR3hnSEVFeW5zcVJhWWZWYjlQQkVzektBcWx2RlZGTk1Pa3Z1S2NMNHhubUQxazVxTjF4cDhLTDZtc2ZOc2J0a0JaZmplNTJ5T3pKTTFvQQ?oc=5\" target=\"_blank\" rel=\"nofollow noopener\">Pedro Jorge esclarece \u201cborboletas\u201d no Confession\u00e1rio e afasta cen\u00e1rio de paix\u00e3o no Secret Story 9<\/a>&nbsp;&nbsp;infocul.pt<\/li>\n<li><a href=\"https:\/\/news.google.com\/rss\/articles\/CBMi8wFBVV95cUxOYmZ3Skl5ZW1uQl9LRVhGZC1lN25JdVprU0YwOG5QSU5IaXBER0ZKMmtEMnl4d3dTVXpfRzFFUWlabnczZzJodEd5ZnhYaDdyaE1PdnRXYnV5UWp1anRGQ2VSLUZPR0pXTXFrYS1HZlFxN1Y1RGtQaGNNU1FSZlR6eUxBRkEyUDlkcldTVHVEM0wyejlLbzhUN3RXaXNMTUZhUWNDcjhEN0I1dHJRR01SV3d5MUhCcVRFMzhGM0g1bXhFdFhxQ2NrTVcyWVVCMmJNTDJzamlaMEttY1NHZUdrbHcxLTE3MkhCNkc2Mzl6YVIyWUk?oc=5\" target=\"_blank\" rel=\"nofollow noopener\">Pedro Jorge vai separar-se de Marisa? Eis a rea\u00e7\u00e3o do vencedor de &#8220;Secret Story&#8221;!<\/a>&nbsp;&nbsp;SELFIE<\/li>\n<\/ol>\n","protected":false},"excerpt":{"rendered":"&#8220;Se eu estivesse solteiro&#8230;&#8221;: Pedro Jorge assume que poderia interessar-se por Ana&#8230; ou Liliana!&nbsp;&nbsp;SELFIE Como ser\u00e1 o futuro&hellip;\n","protected":false},"author":2,"featured_media":196976,"comment_status":"","ping_status":"","sticky":false,"template":"","format":"standard","meta":{"footnotes":""},"categories":[142],"tags":[114,115,32,33,151],"class_list":{"0":"post-212672","1":"post","2":"type-post","3":"status-publish","4":"format-standard","5":"has-post-thumbnail","7":"category-tv","8":"tag-entertainment","9":"tag-entretenimento","10":"tag-portugal","11":"tag-pt","12":"tag-tv"},"share_on_mastodon":{"url":"https:\/\/pubeurope.com\/@pt\/115828029086588512","error":""},"_links":{"self":[{"href":"https:\/\/www.europesays.com\/pt\/wp-json\/wp\/v2\/posts\/212672","targetHints":{"allow":["GET"]}}],"collection":[{"href":"https:\/\/www.europesays.com\/pt\/wp-json\/wp\/v2\/posts"}],"about":[{"href":"https:\/\/www.europesays.com\/pt\/wp-json\/wp\/v2\/types\/post"}],"author":[{"embeddable":true,"href":"https:\/\/www.europesays.com\/pt\/wp-json\/wp\/v2\/users\/2"}],"replies":[{"embeddable":true,"href":"https:\/\/www.europesays.com\/pt\/wp-json\/wp\/v2\/comments?post=212672"}],"version-history":[{"count":0,"href":"https:\/\/www.europesays.com\/pt\/wp-json\/wp\/v2\/posts\/212672\/revisions"}],"wp:featuredmedia":[{"embeddable":true,"href":"https:\/\/www.europesays.com\/pt\/wp-json\/wp\/v2\/media\/196976"}],"wp:attachment":[{"href":"https:\/\/www.europesays.com\/pt\/wp-json\/wp\/v2\/media?parent=212672"}],"wp:term":[{"taxonomy":"category","embeddable":true,"href":"https:\/\/www.europesays.com\/pt\/wp-json\/wp\/v2\/categories?post=212672"},{"taxonomy":"post_tag","embeddable":true,"href":"https:\/\/www.europesays.com\/pt\/wp-json\/wp\/v2\/tags?post=212672"}],"curies":[{"name":"wp","href":"https:\/\/api.w.org\/{rel}","templated":true}]}}