{"id":212708,"date":"2026-01-02T23:36:25","date_gmt":"2026-01-02T23:36:25","guid":{"rendered":"https:\/\/www.europesays.com\/pt\/212708\/"},"modified":"2026-01-02T23:36:25","modified_gmt":"2026-01-02T23:36:25","slug":"depressao-francis-leva-areia-e-deixa-calhaus-na-praia-do-porto-santo","status":"publish","type":"post","link":"https:\/\/www.europesays.com\/pt\/212708\/","title":{"rendered":"Depress\u00e3o \u2018Francis\u2019 leva areia e deixa calhaus na praia do Porto Santo"},"content":{"rendered":"<p id=\"block-1\">O mau tempo que se tem feito sentir nos \u00faltimos dias \u00e0 conta da passagem da depress\u00e3o \u2018Francis\u2019 tamb\u00e9m tem tido impacto no Porto Santo, tendo a forte agita\u00e7\u00e3o mar\u00edtima levado grande parte da areia, deixando no seu lugar v\u00e1rios pedregulhos.<\/p>\n<p id=\"block-2\">Segundo o que o DI\u00c1RIO apurou, a chuva deu algumas tr\u00e9guas, mas o vento continua a persistir, juntamente com a forte ondula\u00e7\u00e3o, que tem deixado no que resta do areal \u2018dourado\u2019 in\u00fameras caravelas-portuguesas. <\/p>\n","protected":false},"excerpt":{"rendered":"O mau tempo que se tem feito sentir nos \u00faltimos dias \u00e0 conta da passagem da depress\u00e3o \u2018Francis\u2019&hellip;\n","protected":false},"author":2,"featured_media":212709,"comment_status":"","ping_status":"","sticky":false,"template":"","format":"standard","meta":{"footnotes":""},"categories":[8],"tags":[27,28,15,16,14,25,26,21,22,12,13,19,20,32,23,24,33,17,18,29,30,31],"class_list":{"0":"post-212708","1":"post","2":"type-post","3":"status-publish","4":"format-standard","5":"has-post-thumbnail","7":"category-principais-noticias","8":"tag-breaking-news","9":"tag-breakingnews","10":"tag-featured-news","11":"tag-featurednews","12":"tag-headlines","13":"tag-latest-news","14":"tag-latestnews","15":"tag-main-news","16":"tag-mainnews","17":"tag-news","18":"tag-noticias","19":"tag-noticias-principais","20":"tag-noticiasprincipais","21":"tag-portugal","22":"tag-principais-noticias","23":"tag-principaisnoticias","24":"tag-pt","25":"tag-top-stories","26":"tag-topstories","27":"tag-ultimas","28":"tag-ultimas-noticias","29":"tag-ultimasnoticias"},"share_on_mastodon":{"url":"https:\/\/pubeurope.com\/@pt\/115828135263028370","error":""},"_links":{"self":[{"href":"https:\/\/www.europesays.com\/pt\/wp-json\/wp\/v2\/posts\/212708","targetHints":{"allow":["GET"]}}],"collection":[{"href":"https:\/\/www.europesays.com\/pt\/wp-json\/wp\/v2\/posts"}],"about":[{"href":"https:\/\/www.europesays.com\/pt\/wp-json\/wp\/v2\/types\/post"}],"author":[{"embeddable":true,"href":"https:\/\/www.europesays.com\/pt\/wp-json\/wp\/v2\/users\/2"}],"replies":[{"embeddable":true,"href":"https:\/\/www.europesays.com\/pt\/wp-json\/wp\/v2\/comments?post=212708"}],"version-history":[{"count":0,"href":"https:\/\/www.europesays.com\/pt\/wp-json\/wp\/v2\/posts\/212708\/revisions"}],"wp:featuredmedia":[{"embeddable":true,"href":"https:\/\/www.europesays.com\/pt\/wp-json\/wp\/v2\/media\/212709"}],"wp:attachment":[{"href":"https:\/\/www.europesays.com\/pt\/wp-json\/wp\/v2\/media?parent=212708"}],"wp:term":[{"taxonomy":"category","embeddable":true,"href":"https:\/\/www.europesays.com\/pt\/wp-json\/wp\/v2\/categories?post=212708"},{"taxonomy":"post_tag","embeddable":true,"href":"https:\/\/www.europesays.com\/pt\/wp-json\/wp\/v2\/tags?post=212708"}],"curies":[{"name":"wp","href":"https:\/\/api.w.org\/{rel}","templated":true}]}}