{"id":212712,"date":"2026-01-02T23:40:14","date_gmt":"2026-01-02T23:40:14","guid":{"rendered":"https:\/\/www.europesays.com\/pt\/212712\/"},"modified":"2026-01-02T23:40:14","modified_gmt":"2026-01-02T23:40:14","slug":"pedro-enfrenta-momentos-tensos-apos-a-vitoria-do-secret-story-9-veja-as-imagens-tvi","status":"publish","type":"post","link":"https:\/\/www.europesays.com\/pt\/212712\/","title":{"rendered":"Pedro enfrenta momentos tensos ap\u00f3s a vit\u00f3ria do Secret Story 9. Veja as imagens &#8211; TVI"},"content":{"rendered":"<ol>\n<li><a href=\"https:\/\/news.google.com\/rss\/articles\/CBMi4AFBVV95cUxOMGxSU1JON2xzV3JnMU5SMnBKVWR6LXk2akw1VEVCZC1rclF0anlqbk5IVmhReFVzX3dRU3RIelNWSTAydUdabXE3SnVzM0IwTG56MFpDVXFhLTVmQ2hrS09FRVlyWnFUMnZIdHdNcktwWW1rU0pHZVVRUmN0SzFZMU1LX0c2T0sxWHA2ZnZGOXAyM0ZoV0otY3NDUXdRdTh2TThqV1k5TnkwWUhUcjhiUlZfdlFlWXlGZHVqU0VRQTU5RC1RdEp2MGZrUVlCRVQ2LUZpSUE4VFAyOEM2ZjJMSw?oc=5\" target=\"_blank\" rel=\"nofollow noopener\">Pedro enfrenta momentos tensos ap\u00f3s a vit\u00f3ria do Secret Story 9. Veja as imagens<\/a>&nbsp;&nbsp;TVI<\/li>\n<li><a href=\"https:\/\/news.google.com\/rss\/articles\/CBMiwgFBVV95cUxNbG4tNTNSQWxTRHR4LWJIS05CUFlmeDNxZHh3RWlXbTE0ejFfaW5oUnlCaENUdThJU3h2eEVQUlZNY2JzbUdxT0VLSi13V1p0Q2RiMVlZT0xtbVVySkNUQTZrMlhHcUJxOUsxSi1RSlVHNnRpdEdpLXctMFR0eGRncG1mNzNmOW0zUFNubFZiZDJnUTdFWHBSTnVneGkyV1ZPbTJ3WHlBakZwMXB5UF9KbTM0VDJKYThaSWFTdEhUSDZ1QQ?oc=5\" target=\"_blank\" rel=\"nofollow noopener\">Casa dos Segredos- Pedro Jorge em l\u00e1grimas com guerra entre fam\u00edlias: &#8220;O meu sonho tornou-se um pesadelo&#8221;<\/a>&nbsp;&nbsp;TV 7 Dias<\/li>\n<li><a href=\"https:\/\/news.google.com\/rss\/articles\/CBMirwFBVV95cUxPT29ieUxKZVhZUFlZTV9DblFpaUUtTlp0eGpKY2RuR1F3dDBQS09UdU1McG5MSDlKakYtd1pDUEFVREdpMnVNTmhxNTJvZjMxSHdqcWJNRm1ZblRoakxRbUhnalNxTHRoVGdMZXNCQW1YMEVnbUVZcGJyNVNHcmFHeF9mMzJDM2lqRFdab0N0VlBJdno4TU15OVZWbTk3MDh4Wm1HU1BXU1VkalNral9J?oc=5\" target=\"_blank\" rel=\"nofollow noopener\">Pedro Jorge &#8216;abre o cora\u00e7\u00e3o&#8217; sobre &#8220;guerra&#8221; entre fam\u00edlias: &#8220;O meu sonho tornou-se um pesadelo&#8230;&#8221;<\/a>&nbsp;&nbsp;Hiper Fm<\/li>\n<li><a href=\"https:\/\/news.google.com\/rss\/articles\/CBMisAFBVV95cUxPMWsxMzV3QVh4Z0VVQTBTSW1DT1k1ajltTUYxaHVjU3k0b09CUEJoX29xaThTZjVKdlFFaDNmMXI0NXhsNUV0TWcyMGtmeEZNbkp3Y3hHcnM4aXViWVN4OGJGTlpoU3BPLXhfVzlUay1QcGk1YVZ1Tk91bEN0a2JxcWdxbW54YUhUeFJzOFVreVFXUlA3RERjbTliWjZ4dXhWSWI2QnllRTI4SDRnUFRibdIBsAFBVV95cUxPMWsxMzV3QVh4Z0VVQTBTSW1DT1k1ajltTUYxaHVjU3k0b09CUEJoX29xaThTZjVKdlFFaDNmMXI0NXhsNUV0TWcyMGtmeEZNbkp3Y3hHcnM4aXViWVN4OGJGTlpoU3BPLXhfVzlUay1QcGk1YVZ1Tk91bEN0a2JxcWdxbW54YUhUeFJzOFVreVFXUlA3RERjbTliWjZ4dXhWSWI2QnllRTI4SDRnUFRibQ?oc=5\" target=\"_blank\" rel=\"nofollow noopener\">Pedro Jorge explica frase pol\u00e9mica ap\u00f3s vencer o Secret Story 9: \u201cQuero ter algo que seja meu\u201d<\/a>&nbsp;&nbsp;infocul.pt<\/li>\n<li><a href=\"https:\/\/news.google.com\/rss\/articles\/CBMi1gFBVV95cUxOazBkMHAwODZKb2NMMGt3bUhhV2pfNUt3V1d4cWV2OXBMX2JuUXNYckhiYm1OM2NHZmVwMkYxN3BsQ05ubDU0LTZBbG5ITjNwajEyLUR5UENTS0ZjTThkdkc0UXRUVEMySm1MTjNUTHA3cGl0aHloVGpyNkIyQ0NxdW5RcUtWN0NhZ2NGNno3TTh2dF9KYzhSRWVQZEpJZTlYM2VObzc2YkdWRTlYenlKbHVtWVNrajhLdWNiR0FJUjFfYzJwUGUwQjhESVA2RnctTDB4Z1p3?oc=5\" target=\"_blank\" rel=\"nofollow noopener\">Pedro Jorge fala sobre conflito entre fam\u00edlias fora da Casa dos Segredos: \u201cO meu sonho tornou-se num pesadelo\u201d<\/a>&nbsp;&nbsp;A Televis\u00e3o<\/li>\n<\/ol>\n","protected":false},"excerpt":{"rendered":"Pedro enfrenta momentos tensos ap\u00f3s a vit\u00f3ria do Secret Story 9. Veja as imagens&nbsp;&nbsp;TVI Casa dos Segredos- Pedro&hellip;\n","protected":false},"author":2,"featured_media":212713,"comment_status":"","ping_status":"","sticky":false,"template":"","format":"standard","meta":{"footnotes":""},"categories":[142],"tags":[41410,41409,114,115,41406,41407,41408,338,32,33,151],"class_list":{"0":"post-212712","1":"post","2":"type-post","3":"status-publish","4":"format-standard","5":"has-post-thumbnail","7":"category-tv","8":"tag-base-tvi","9":"tag-comandante","10":"tag-entertainment","11":"tag-entretenimento","12":"tag-fotos-oficiais-primeira-companhia","13":"tag-galerias","14":"tag-imagens-concorrentes","15":"tag-maria-botelho-moniz","16":"tag-portugal","17":"tag-pt","18":"tag-tv"},"share_on_mastodon":{"url":"https:\/\/pubeurope.com\/@pt\/115828151015611617","error":""},"_links":{"self":[{"href":"https:\/\/www.europesays.com\/pt\/wp-json\/wp\/v2\/posts\/212712","targetHints":{"allow":["GET"]}}],"collection":[{"href":"https:\/\/www.europesays.com\/pt\/wp-json\/wp\/v2\/posts"}],"about":[{"href":"https:\/\/www.europesays.com\/pt\/wp-json\/wp\/v2\/types\/post"}],"author":[{"embeddable":true,"href":"https:\/\/www.europesays.com\/pt\/wp-json\/wp\/v2\/users\/2"}],"replies":[{"embeddable":true,"href":"https:\/\/www.europesays.com\/pt\/wp-json\/wp\/v2\/comments?post=212712"}],"version-history":[{"count":0,"href":"https:\/\/www.europesays.com\/pt\/wp-json\/wp\/v2\/posts\/212712\/revisions"}],"wp:featuredmedia":[{"embeddable":true,"href":"https:\/\/www.europesays.com\/pt\/wp-json\/wp\/v2\/media\/212713"}],"wp:attachment":[{"href":"https:\/\/www.europesays.com\/pt\/wp-json\/wp\/v2\/media?parent=212712"}],"wp:term":[{"taxonomy":"category","embeddable":true,"href":"https:\/\/www.europesays.com\/pt\/wp-json\/wp\/v2\/categories?post=212712"},{"taxonomy":"post_tag","embeddable":true,"href":"https:\/\/www.europesays.com\/pt\/wp-json\/wp\/v2\/tags?post=212712"}],"curies":[{"name":"wp","href":"https:\/\/api.w.org\/{rel}","templated":true}]}}