{"id":212755,"date":"2026-01-03T00:10:06","date_gmt":"2026-01-03T00:10:06","guid":{"rendered":"https:\/\/www.europesays.com\/pt\/212755\/"},"modified":"2026-01-03T00:10:06","modified_gmt":"2026-01-03T00:10:06","slug":"vingadores-doutor-destino-papel-de-hayley-atwell-sera-muito-maior-do-que-o-esperado-diz-rumor","status":"publish","type":"post","link":"https:\/\/www.europesays.com\/pt\/212755\/","title":{"rendered":"Vingadores: Doutor Destino | Papel de Hayley Atwell ser\u00e1 muito maior do que o esperado, diz rumor"},"content":{"rendered":"<p class=\"wp-block-yoast-seo-estimated-reading-time yoast-reading-time__wrapper\">Estimated reading time: 2 minutos<\/p>\n<p>Embora o recente teaser de <a href=\"https:\/\/ovicio.com.br\/tag\/vingadores-doutor-destino\" rel=\"nofollow noopener\" target=\"_blank\">Vingadores: Doutor Destino<\/a> focado em <strong>Steve Rogers<\/strong> n\u00e3o tenha mostrado <strong>Peggy Carter<\/strong>, a presen\u00e7a da personagem no pr\u00f3ximo grande evento da <strong>Marvel Studios<\/strong> parece inevit\u00e1vel. E segundo novas informa\u00e7\u00f5es de bastidores, a participa\u00e7\u00e3o de Hayley Atwell ser\u00e1 muito mais do que um simples fan service.<\/p>\n<p>De acordo com o insider <strong>Daniel RPK<\/strong> (via <a href=\"https:\/\/comicbookmovie.com\/avengers\/avengers-doomsday\/avengers-doomsday-rumored-to-feature-biggest-role-ever-for-this-returning-character---spoilers-a225805\" target=\"_blank\" rel=\"noreferrer noopener nofollow\">Comic Book Movie<\/a>), conhecido por seus furos na ind\u00fastria, a cofundadora da <strong>S.H.I.E.L.D.<\/strong> ter\u00e1 uma import\u00e2ncia narrativa crucial na trama.<\/p>\n<p><strong>&#8220;Hayley Atwell ter\u00e1 o maior papel de sua carreira em um filme dos Vingadores em Doutor Destino. Ela n\u00e3o far\u00e1 apenas uma participa\u00e7\u00e3o especial, e sim ter\u00e1 um papel importante ao longo do filme&#8221;<\/strong>, relatou o insider.<\/p>\n<p>A informa\u00e7\u00e3o corrobora relatos antigos de portais de prest\u00edgio que, h\u00e1 mais de um ano, j\u00e1 apontavam o retorno de Atwell, apesar das negativas p\u00fablicas da atriz.<\/p>\n<p>Narrativamente, o destaque faz todo sentido: <strong>Chris Evans<\/strong> est\u00e1 confirmado para retornar como <strong>Steve Rogers<\/strong>. Considerando que o arco do <strong>Capit\u00e3o Am\u00e9rica<\/strong> em <strong>Vingadores: Ultimato<\/strong> (2019) terminou com ele voltando ao passado para viver uma vida plena ao lado de <strong>Peggy<\/strong>, \u00e9 natural que a personagem seja fundamental para explicar a situa\u00e7\u00e3o atual do her\u00f3i ou as motiva\u00e7\u00f5es que o trazem de volta \u00e0 a\u00e7\u00e3o contra a amea\u00e7a do <strong>Doutor Destino<\/strong>.<\/p>\n<p><strong>Vingadores: Doutor Destino<\/strong> tem estreia marcada nos cinemas brasileiros para 17 de dezembro.<\/p>\n<p>Leia tamb\u00e9m sobre Vingadores:<\/p>\n","protected":false},"excerpt":{"rendered":"Estimated reading time: 2 minutos Embora o recente teaser de Vingadores: Doutor Destino focado em Steve Rogers n\u00e3o&hellip;\n","protected":false},"author":2,"featured_media":212756,"comment_status":"","ping_status":"","sticky":false,"template":"","format":"standard","meta":{"footnotes":""},"categories":[140],"tags":[114,115,147,148,31514,12733,11189,146,41629,32,33,38893],"class_list":{"0":"post-212755","1":"post","2":"type-post","3":"status-publish","4":"format-standard","5":"has-post-thumbnail","7":"category-filmes","8":"tag-entertainment","9":"tag-entretenimento","10":"tag-film","11":"tag-filmes","12":"tag-hayley-atwell","13":"tag-marvel-studios","14":"tag-mcu","15":"tag-movies","16":"tag-peggy-carter","17":"tag-portugal","18":"tag-pt","19":"tag-vingadores-doutor-destino"},"share_on_mastodon":{"url":"https:\/\/pubeurope.com\/@pt\/115828269200248654","error":""},"_links":{"self":[{"href":"https:\/\/www.europesays.com\/pt\/wp-json\/wp\/v2\/posts\/212755","targetHints":{"allow":["GET"]}}],"collection":[{"href":"https:\/\/www.europesays.com\/pt\/wp-json\/wp\/v2\/posts"}],"about":[{"href":"https:\/\/www.europesays.com\/pt\/wp-json\/wp\/v2\/types\/post"}],"author":[{"embeddable":true,"href":"https:\/\/www.europesays.com\/pt\/wp-json\/wp\/v2\/users\/2"}],"replies":[{"embeddable":true,"href":"https:\/\/www.europesays.com\/pt\/wp-json\/wp\/v2\/comments?post=212755"}],"version-history":[{"count":0,"href":"https:\/\/www.europesays.com\/pt\/wp-json\/wp\/v2\/posts\/212755\/revisions"}],"wp:featuredmedia":[{"embeddable":true,"href":"https:\/\/www.europesays.com\/pt\/wp-json\/wp\/v2\/media\/212756"}],"wp:attachment":[{"href":"https:\/\/www.europesays.com\/pt\/wp-json\/wp\/v2\/media?parent=212755"}],"wp:term":[{"taxonomy":"category","embeddable":true,"href":"https:\/\/www.europesays.com\/pt\/wp-json\/wp\/v2\/categories?post=212755"},{"taxonomy":"post_tag","embeddable":true,"href":"https:\/\/www.europesays.com\/pt\/wp-json\/wp\/v2\/tags?post=212755"}],"curies":[{"name":"wp","href":"https:\/\/api.w.org\/{rel}","templated":true}]}}