{"id":212763,"date":"2026-01-03T00:16:10","date_gmt":"2026-01-03T00:16:10","guid":{"rendered":"https:\/\/www.europesays.com\/pt\/212763\/"},"modified":"2026-01-03T00:16:10","modified_gmt":"2026-01-03T00:16:10","slug":"nunca-entra-em-panico-budanov-o-chefe-das-secretas-que-passou-a-braco-direito-de-zelensky","status":"publish","type":"post","link":"https:\/\/www.europesays.com\/pt\/212763\/","title":{"rendered":"&#8220;Nunca entra em p\u00e2nico&#8221;. Budanov, o chefe das secretas que passou a bra\u00e7o-direito de Zelensky"},"content":{"rendered":"<p>\t                Budanov, que ir\u00e1 completar 40 anos este domingo, diz ter sido alvo de mais de uma dezena de tentativas de assassinato por parte das for\u00e7as especiais russas, algumas delas antes de 24 de fevereiro de 2022<\/p>\n<p style=\"margin-bottom:11px\">O presidente ucraniano escolheu esta sexta-feira Kyrylo Budanov, at\u00e9 ent\u00e3o l\u00edder das secretas militares ucranianas (HUR), para liderar o seu gabinete presidencial.<\/p>\n<p>A nomea\u00e7\u00e3o de Budanov acontece mais de um m\u00eas depois de Andriy Yermak, antigo chefe do gabinete presidencial e amigo de Volodymyr Zelensky, se ter demitido ap\u00f3s buscas do Gabinete Nacional Anti-corrup\u00e7\u00e3o (NABU) ao seu gabinete.<\/p>\n<p>Nascido em Kiev em 1986, Budanov fez toda a sua carreira no HUR, onde entrou em 2007 ap\u00f3s a conclus\u00e3o da sua licenciatura na Academia Militar de Odessa.<\/p>\n<p>Desde 2014 at\u00e9 \u00e0 invas\u00e3o em larga escala, em 2022, Budanov participou na guerra do Donbass, onde foi ferido em v\u00e1rias ocasi\u00f5es, e tamb\u00e9m em opera\u00e7\u00f5es secretas na Crimeia, pen\u00ednsula ocupada pela R\u00fassia h\u00e1 cerca de 12 anos.<\/p>\n<p>O agora l\u00edder do gabinete de Zelensky, que ir\u00e1 completar 40 anos este domingo, diz ter sido alvo de mais de uma dezena de tentativas de assassinato por parte das for\u00e7as especiais russas, algumas delas antes da invas\u00e3o a 24 de fevereiro de 2022.<\/p>\n<p>Budanov foi promovido a l\u00edder do HUR em agosto de 2020. \u00c9 apontado como o principal respons\u00e1vel por orquestrar ataques em solo russo contra refinarias, portos e altos comandantes militares.<\/p>\n<p>Budanov j\u00e1 tinha um estatuto quase lend\u00e1rio no mundo da espionagem, mas desde que a R\u00fassia lan\u00e7ou a sua \u201copera\u00e7\u00e3o militar especial\u201d que tem demonstrado aquilo de que a sua organiza\u00e7\u00e3o \u00e9 capaz. Um membro do HUR (sigla pela qual os servi\u00e7os secretos ucranianos s\u00e3o conhecidos) descreveu ao <a href=\"https:\/\/www.economist.com\/europe\/2023\/06\/20\/ukraines-spymaster-has-got-under-the-kremlins-skin\" target=\"_blank\" rel=\"nofollow noopener\">The Economist<\/a> o seu superior como algu\u00e9m \u201ccontido, comedido e que nunca entra em p\u00e2nico\u201d, com a capacidade fazer com que os outros fa\u00e7am tudo aquilo que ele pede. O brigadeiro-general Dmytro Timkov conhece Budanov h\u00e1 largos anos e participou em \u201cdezenas de opera\u00e7\u00f5es\u201d com ele. Recorda um jovem militar que n\u00e3o tinha problemas em desafiar os seus superiores se achasse que estes estavam errados.<\/p>\n<p>Ap\u00f3s o ataque \u00e0 ponte de Kerch de 8 de outubro de 2022, Moscovo emitiu um mandado de captura contra Budanov. \u00c9 um dos principais alvos do Kremlin e isso enche-o de orgulho. \u201cEstou satisfeito. Este \u00e9 um bom indicador do nosso trabalho, e prometo trabalhar ainda melhor\u201d, disse Budanov, <a href=\"https:\/\/www.pravda.com.ua\/eng\/news\/2023\/04\/21\/7398888\" target=\"_blank\" rel=\"nofollow noopener\">citado pelo Ukrainska Pravda.<\/a><\/p>\n<p>A persegui\u00e7\u00e3o russa estende-se at\u00e9 aos membros da sua fam\u00edlia. Em novembro de 2023, a sua mulher, Marianna Budanova, foi hospitalizada ap\u00f3s ter sido envenenada por metais pesados, provavelmente ingeridos durante uma refei\u00e7\u00e3o. V\u00e1rios membros do HUR tamb\u00e9m apresentaram sintomas condizentes com envenenamento, mas n\u00e3o se sabe se Budanov foi um dos alvos.<\/p>\n<p>O seu servi\u00e7o valeu-lhe a distin\u00e7\u00e3o, concedida por Volodymyr Zelensky a 8 de fevereiro de 2024, de Her\u00f3i da Ucr\u00e2nia, a maior que o presidente ucraniano pode conceder.<\/p>\n","protected":false},"excerpt":{"rendered":"Budanov, que ir\u00e1 completar 40 anos este domingo, diz ter sido alvo de mais de uma dezena de&hellip;\n","protected":false},"author":2,"featured_media":212764,"comment_status":"","ping_status":"","sticky":false,"template":"","format":"standard","meta":{"footnotes":""},"categories":[50],"tags":[609,836,611,27,28,41631,607,608,333,832,604,135,610,476,15,16,301,830,889,41633,14,41632,603,41630,25,26,570,21,22,831,833,62,834,12,13,19,20,835,602,52,32,23,24,839,17,18,840,29,30,31,2416,63,64,65,3814],"class_list":{"0":"post-212763","1":"post","2":"type-post","3":"status-publish","4":"format-standard","5":"has-post-thumbnail","7":"category-mundo","8":"tag-alerta","9":"tag-analise","10":"tag-ao-minuto","11":"tag-breaking-news","12":"tag-breakingnews","13":"tag-budanov","14":"tag-cnn","15":"tag-cnn-portugal","16":"tag-comentadores","17":"tag-costa","18":"tag-crime","19":"tag-desporto","20":"tag-direto","21":"tag-economia","22":"tag-featured-news","23":"tag-featurednews","24":"tag-governo","25":"tag-guerra","26":"tag-guerra-na-ucrania","27":"tag-gur","28":"tag-headlines","29":"tag-hur","30":"tag-justica","31":"tag-kyrylo-budanov","32":"tag-latest-news","33":"tag-latestnews","34":"tag-live","35":"tag-main-news","36":"tag-mainnews","37":"tag-mais-vistas","38":"tag-marcelo","39":"tag-mundo","40":"tag-negocios","41":"tag-news","42":"tag-noticias","43":"tag-noticias-principais","44":"tag-noticiasprincipais","45":"tag-opiniao","46":"tag-pais","47":"tag-politica","48":"tag-portugal","49":"tag-principais-noticias","50":"tag-principaisnoticias","51":"tag-russia","52":"tag-top-stories","53":"tag-topstories","54":"tag-ucrania","55":"tag-ultimas","56":"tag-ultimas-noticias","57":"tag-ultimasnoticias","58":"tag-volodymyr-zelensky","59":"tag-world","60":"tag-world-news","61":"tag-worldnews","62":"tag-zelensky"},"share_on_mastodon":{"url":"","error":"Validation failed: Text character limit of 500 exceeded"},"_links":{"self":[{"href":"https:\/\/www.europesays.com\/pt\/wp-json\/wp\/v2\/posts\/212763","targetHints":{"allow":["GET"]}}],"collection":[{"href":"https:\/\/www.europesays.com\/pt\/wp-json\/wp\/v2\/posts"}],"about":[{"href":"https:\/\/www.europesays.com\/pt\/wp-json\/wp\/v2\/types\/post"}],"author":[{"embeddable":true,"href":"https:\/\/www.europesays.com\/pt\/wp-json\/wp\/v2\/users\/2"}],"replies":[{"embeddable":true,"href":"https:\/\/www.europesays.com\/pt\/wp-json\/wp\/v2\/comments?post=212763"}],"version-history":[{"count":0,"href":"https:\/\/www.europesays.com\/pt\/wp-json\/wp\/v2\/posts\/212763\/revisions"}],"wp:featuredmedia":[{"embeddable":true,"href":"https:\/\/www.europesays.com\/pt\/wp-json\/wp\/v2\/media\/212764"}],"wp:attachment":[{"href":"https:\/\/www.europesays.com\/pt\/wp-json\/wp\/v2\/media?parent=212763"}],"wp:term":[{"taxonomy":"category","embeddable":true,"href":"https:\/\/www.europesays.com\/pt\/wp-json\/wp\/v2\/categories?post=212763"},{"taxonomy":"post_tag","embeddable":true,"href":"https:\/\/www.europesays.com\/pt\/wp-json\/wp\/v2\/tags?post=212763"}],"curies":[{"name":"wp","href":"https:\/\/api.w.org\/{rel}","templated":true}]}}