{"id":212771,"date":"2026-01-03T00:22:09","date_gmt":"2026-01-03T00:22:09","guid":{"rendered":"https:\/\/www.europesays.com\/pt\/212771\/"},"modified":"2026-01-03T00:22:09","modified_gmt":"2026-01-03T00:22:09","slug":"joana-dalbuquerque-tem-novo-carrao-de-luxo-e-as-imagens-impressionam-qualquer-um-secret-story","status":"publish","type":"post","link":"https:\/\/www.europesays.com\/pt\/212771\/","title":{"rendered":"Joana D\u2019Albuquerque tem novo carr\u00e3o de luxo. E as imagens impressionam qualquer um &#8211; Secret Story"},"content":{"rendered":"<p>\n                    A ex-concorrente impressionou ao mostrar o novo carro de luxo.\n                <\/p>\n<p>Joana D&#8217;Albuquerque tem um novo carro e mostrou tudo nas redes sociais.\u00a0<\/p>\n<p data-end=\"890\" data-start=\"588\">Na imagem partilhada no Instagram, Joana surge sorridente ao lado do carro, um Mercedes, decorado com um vistoso la\u00e7o azul, num momento que transmite claramente a emo\u00e7\u00e3o da conquista.<\/p>\n<p data-end=\"1212\" data-start=\"892\">Sempre bem-humorada e sem filtros, a ex-concorrente fez ainda quest\u00e3o de brincar com a situa\u00e7\u00e3o, agradecendo de forma ir\u00f3nica \u201cao fundo de investimento dos meus pais que n\u00e3o tem limites!!!!!\u201d.\u00a0<\/p>\n<p data-end=\"1212\" data-start=\"892\">Percorra a galeria de fotografias que prepar\u00e1mos para si com as imagens do novo carro de Joana D&#8217;Albuquerque.\u00a0<\/p>\n<p>\u00a0<\/p>\n","protected":false},"excerpt":{"rendered":"A ex-concorrente impressionou ao mostrar o novo carro de luxo. Joana D&#8217;Albuquerque tem um novo carro e mostrou&hellip;\n","protected":false},"author":2,"featured_media":212772,"comment_status":"","ping_status":"","sticky":false,"template":"","format":"standard","meta":{"footnotes":""},"categories":[142],"tags":[18706,114,115,18705,17967,32,33,151,18704],"class_list":{"0":"post-212771","1":"post","2":"type-post","3":"status-publish","4":"format-standard","5":"has-post-thumbnail","7":"category-tv","8":"tag-bastidores-secret-story","9":"tag-entertainment","10":"tag-entretenimento","11":"tag-entrevistas-concorrentes-tvi","12":"tag-joana-daposalbuquerque","13":"tag-portugal","14":"tag-pt","15":"tag-tv","16":"tag-vida-fora-da-casa"},"share_on_mastodon":{"url":"https:\/\/pubeurope.com\/@pt\/115828316255351086","error":""},"_links":{"self":[{"href":"https:\/\/www.europesays.com\/pt\/wp-json\/wp\/v2\/posts\/212771","targetHints":{"allow":["GET"]}}],"collection":[{"href":"https:\/\/www.europesays.com\/pt\/wp-json\/wp\/v2\/posts"}],"about":[{"href":"https:\/\/www.europesays.com\/pt\/wp-json\/wp\/v2\/types\/post"}],"author":[{"embeddable":true,"href":"https:\/\/www.europesays.com\/pt\/wp-json\/wp\/v2\/users\/2"}],"replies":[{"embeddable":true,"href":"https:\/\/www.europesays.com\/pt\/wp-json\/wp\/v2\/comments?post=212771"}],"version-history":[{"count":0,"href":"https:\/\/www.europesays.com\/pt\/wp-json\/wp\/v2\/posts\/212771\/revisions"}],"wp:featuredmedia":[{"embeddable":true,"href":"https:\/\/www.europesays.com\/pt\/wp-json\/wp\/v2\/media\/212772"}],"wp:attachment":[{"href":"https:\/\/www.europesays.com\/pt\/wp-json\/wp\/v2\/media?parent=212771"}],"wp:term":[{"taxonomy":"category","embeddable":true,"href":"https:\/\/www.europesays.com\/pt\/wp-json\/wp\/v2\/categories?post=212771"},{"taxonomy":"post_tag","embeddable":true,"href":"https:\/\/www.europesays.com\/pt\/wp-json\/wp\/v2\/tags?post=212771"}],"curies":[{"name":"wp","href":"https:\/\/api.w.org\/{rel}","templated":true}]}}