{"id":212785,"date":"2026-01-03T00:31:16","date_gmt":"2026-01-03T00:31:16","guid":{"rendered":"https:\/\/www.europesays.com\/pt\/212785\/"},"modified":"2026-01-03T00:31:16","modified_gmt":"2026-01-03T00:31:16","slug":"mne-confirma-lapso-portuguesa-apontada-como-ferida-do-incendio-na-suica-nao-e-vitima-dessa-tragedia","status":"publish","type":"post","link":"https:\/\/www.europesays.com\/pt\/212785\/","title":{"rendered":"MNE confirma lapso. Portuguesa apontada como ferida do inc\u00eandio na Su\u00ed\u00e7a n\u00e3o \u00e9 v\u00edtima dessa trag\u00e9dia"},"content":{"rendered":"<p>                O Minist\u00e9rio dos Neg\u00f3cios Estrangeiros confirmou \u00e0 RTP cerca das 22h30 de sexta-feira, que houve um lapso das autoridades su\u00ed\u00e7as e que a portuguesa de 40 anos apontada como ferida deste inc\u00eandio n\u00e3o foi afinal v\u00edtima desta trag\u00e9dia.<\/p>\n<p>&#13;<br \/>\nA c\u00f4nsul acabou de falar com a mulher que deu entrada no hospital na mesma altura de muitas das v\u00edtimas do inc\u00eandio e foi por isso erradamente colocada na lista de feridos.&#13;\n<\/p>\n<p>&#13;<br \/>\n<br \/>&#13;<br \/>\nEsta portuguesa teve um incidente em casa, estava ferida mas j\u00e1 teve entretanto alta hospitalar.&#13;\n<\/p>\n<p>&#13;<br \/>\nLiliana Baptista, natural de Mirandela, esteve no Hospital de Sion em simult\u00e2neo com os feridos, e por isso foi confundida com as v\u00edtimas. J\u00e1 est\u00e1 em casa e explicou que tudo se tratou de um equ\u00edvoco, que podia ter sobressaltado amigos e familiares.\u00a0&#13;\n<\/p>\n<p>&#13;<br \/>\n&#8220;Se os meus pais n\u00e3o soubessem&#8221;, explica, &#8220;receber uma falsa not\u00edcia&#8221; seria &#8220;complicado&#8221;.\u00a0<br \/>&#13;\n<\/p>\n<p>&#13;<br \/>\n<br \/>&#13;<br \/>\nAssim sendo, deste inc\u00eandio h\u00e1 ent\u00e3o uma v\u00edtima portuguesa: uma jovem de 22 anos que est\u00e1 desaparecida.&#13;\n<\/p>\n<p>          <img decoding=\"async\" itemprop=\"image\" class=\"img-fluid\"   src=\"https:\/\/www.europesays.com\/pt\/wp-content\/uploads\/2026\/01\/5b9b196ba1a0b12157893a094e1c5212_N.jpg\"\/><\/p>\n<p>&#13;<br \/>\nA fam\u00edlia revelou \u00e0 RTP que esta jovem tinha pedido aos pais para passar o ano com tr\u00eas amigas su\u00ed\u00e7as para celebrar tamb\u00e9m a licenciatura. Est\u00e3o todas desaparecidas. <br \/>&#13;<\/p>\n","protected":false},"excerpt":{"rendered":"O Minist\u00e9rio dos Neg\u00f3cios Estrangeiros confirmou \u00e0 RTP cerca das 22h30 de sexta-feira, que houve um lapso das&hellip;\n","protected":false},"author":2,"featured_media":212786,"comment_status":"","ping_status":"","sticky":false,"template":"","format":"standard","meta":{"footnotes":""},"categories":[10],"tags":[27,28,15,16,14,25,26,21,22,12,13,19,20,32,23,24,33,420,421,17,18,29,30,31],"class_list":{"0":"post-212785","1":"post","2":"type-post","3":"status-publish","4":"format-standard","5":"has-post-thumbnail","7":"category-portugal","8":"tag-breaking-news","9":"tag-breakingnews","10":"tag-featured-news","11":"tag-featurednews","12":"tag-headlines","13":"tag-latest-news","14":"tag-latestnews","15":"tag-main-news","16":"tag-mainnews","17":"tag-news","18":"tag-noticias","19":"tag-noticias-principais","20":"tag-noticiasprincipais","21":"tag-portugal","22":"tag-principais-noticias","23":"tag-principaisnoticias","24":"tag-pt","25":"tag-rtp","26":"tag-rtp-noticias","27":"tag-top-stories","28":"tag-topstories","29":"tag-ultimas","30":"tag-ultimas-noticias","31":"tag-ultimasnoticias"},"share_on_mastodon":{"url":"https:\/\/pubeurope.com\/@pt\/115828351541009656","error":""},"_links":{"self":[{"href":"https:\/\/www.europesays.com\/pt\/wp-json\/wp\/v2\/posts\/212785","targetHints":{"allow":["GET"]}}],"collection":[{"href":"https:\/\/www.europesays.com\/pt\/wp-json\/wp\/v2\/posts"}],"about":[{"href":"https:\/\/www.europesays.com\/pt\/wp-json\/wp\/v2\/types\/post"}],"author":[{"embeddable":true,"href":"https:\/\/www.europesays.com\/pt\/wp-json\/wp\/v2\/users\/2"}],"replies":[{"embeddable":true,"href":"https:\/\/www.europesays.com\/pt\/wp-json\/wp\/v2\/comments?post=212785"}],"version-history":[{"count":0,"href":"https:\/\/www.europesays.com\/pt\/wp-json\/wp\/v2\/posts\/212785\/revisions"}],"wp:featuredmedia":[{"embeddable":true,"href":"https:\/\/www.europesays.com\/pt\/wp-json\/wp\/v2\/media\/212786"}],"wp:attachment":[{"href":"https:\/\/www.europesays.com\/pt\/wp-json\/wp\/v2\/media?parent=212785"}],"wp:term":[{"taxonomy":"category","embeddable":true,"href":"https:\/\/www.europesays.com\/pt\/wp-json\/wp\/v2\/categories?post=212785"},{"taxonomy":"post_tag","embeddable":true,"href":"https:\/\/www.europesays.com\/pt\/wp-json\/wp\/v2\/tags?post=212785"}],"curies":[{"name":"wp","href":"https:\/\/api.w.org\/{rel}","templated":true}]}}