{"id":212789,"date":"2026-01-03T00:33:08","date_gmt":"2026-01-03T00:33:08","guid":{"rendered":"https:\/\/www.europesays.com\/pt\/212789\/"},"modified":"2026-01-03T00:33:08","modified_gmt":"2026-01-03T00:33:08","slug":"filho-de-influencer-morre-aos-5-anos-apos-doenca-grave","status":"publish","type":"post","link":"https:\/\/www.europesays.com\/pt\/212789\/","title":{"rendered":"Filho de influencer morre aos 5 anos ap\u00f3s doen\u00e7a grave"},"content":{"rendered":"<p>O influenciador digital <strong>Paul Kim<\/strong>, que compartilha conte\u00fado cat\u00f3lico, est\u00e1 de luto pela morte do filho, <strong>Micah<\/strong>, de 5 anos. O menino morreu no dia 31 de dezembro de 2025 ap\u00f3s ficar em estado grave no hospital.<\/p>\n<p>De acordo com a revista People, a crian\u00e7a desenvolveu um caso grave de gripe. A morte foi confirmada pelo pai dele nas redes sociais. \u201cEstamos muito orgulhosos dele. Quero agradecer do fundo do meu cora\u00e7\u00e3o, como pai, em nome da minha fam\u00edlia, por todas as ora\u00e7\u00f5es e apoio que voc\u00eas nos deram durante esse per\u00edodo. Um momento incrivelmente dif\u00edcil e imposs\u00edvel para a nossa fam\u00edlia. Tem sido a coisa mais dif\u00edcil que j\u00e1 enfrentei na minha vida e continua sendo\u201c, disse ele.<\/p>\n<p>E completou: \u201cPor mais que eu queira privacidade e tempo para o luto com minha fam\u00edlia neste momento, senti que devia dar not\u00edcias a todos voc\u00eas, por gratid\u00e3o. Micah j\u00e1 est\u00e1 no C\u00e9u trabalhando, s\u00e9rio, tantos testemunhos, tantas maneiras pelas quais Deus est\u00e1 usando a luz do meu filho de cinco anos para realmente salvar almas e mudar o mundo\u201c.<\/p>\n<p>O influencer ainda contou que seu filho chegou a ficar em coma. O menino ainda teve sepse, convuls\u00f5es e os m\u00e9dicos constataram que ele estava sem atividade cerebral. \u201cExiste uma possibilidade real de que, antes de Micah falecer, ele j\u00e1 tivesse partido. Estava em coma, e a situa\u00e7\u00e3o \u00e9 muito misteriosa. Seu corpo estava l\u00e1, mas sabemos que sua alma j\u00e1 estava com o Senhor. Est\u00e1vamos em um per\u00edodo de espera. Mas Deus j\u00e1 o est\u00e1 usando de maneiras milagrosas. Durante aquelas duas semanas, lutamos bravamente, consultando equipes jur\u00eddicas, de sa\u00fade e \u00e9tica, at\u00e9 mesmo fora do hospital. S\u00f3 para garantir que n\u00e3o deix\u00e1ssemos pedra sobre pedra. De muitas maneiras, est\u00e1vamos lutando por Micah para lhe dar o m\u00e1ximo de tempo poss\u00edvel, at\u00e9 que ele falecesse. Como pai, esse \u00e9 o meu dever, fui chamado a fazer isso. Mesmo que, na vontade final de Deus, n\u00e3o fosse para ele se recuperar\u201c.<\/p>\n<blockquote class=\"instagram-media\" style=\"background: #FFF; border: 0; border-radius: 3px; box-shadow: 0 0 1px 0 rgba(0,0,0,0.5),0 1px 10px 0 rgba(0,0,0,0.15); margin: 1px; max-width: 540px; min-width: 326px; padding: 0; width: calc(100% - 2px);\" data-instgrm-captioned=\"\" data-instgrm-permalink=\"https:\/\/www.instagram.com\/reel\/DS-hIiekZBe\/?utm_source=ig_embed&amp;utm_campaign=loading\" data-instgrm-version=\"14\"><\/blockquote>\n<blockquote class=\"instagram-media\" style=\"background: #FFF; border: 0; border-radius: 3px; box-shadow: 0 0 1px 0 rgba(0,0,0,0.5),0 1px 10px 0 rgba(0,0,0,0.15); margin: 1px; max-width: 540px; min-width: 326px; padding: 0; width: calc(100% - 2px);\" data-instgrm-captioned=\"\" data-instgrm-permalink=\"https:\/\/www.instagram.com\/reel\/DS-lBxyAd4g\/?utm_source=ig_embed&amp;utm_campaign=loading\" data-instgrm-version=\"14\"><\/blockquote>\n<p>        <a href=\"https:\/\/caras.com.br\/autor\/priscilla-comoti\" rel=\"nofollow noopener\" target=\"_blank\">&#13;<br \/>\n          <img loading=\"lazy\" alt=\"Priscilla Comoti\" src=\"https:\/\/www.europesays.com\/pt\/wp-content\/uploads\/2026\/01\/1767400388_980_e53883bdf02c542f6517b68879e8cb08b27a1d55c4dfd53577e47d3ab6331a06.png\"  class=\"avatar avatar-115 photo rounded-circle mr-3\" height=\"115\" width=\"115\" decoding=\"async\"\/>        <\/a><\/p>\n<p>Priscilla Comoti \u00e9 editora de conte\u00fado do site CARAS. Ela \u00e9 formada em jornalismo e em audiovisual, j\u00e1 passou pelos sites Contigo!, Minha Novela, TiTiTi, Mais Novela e Portal M\u00e1rcia Piovesan. Escreve sobre celebridades, not\u00edcias sobre a fam\u00edlia real brit\u00e2nica, TV, reality show e novelas.<\/p>\n<p>\t                                            <script async src=\"\/\/www.instagram.com\/embed.js\"><\/script><\/p>\n","protected":false},"excerpt":{"rendered":"O influenciador digital Paul Kim, que compartilha conte\u00fado cat\u00f3lico, est\u00e1 de luto pela morte do filho, Micah, de&hellip;\n","protected":false},"author":2,"featured_media":212790,"comment_status":"","ping_status":"","sticky":false,"template":"","format":"standard","meta":{"footnotes":""},"categories":[145],"tags":[211,210,114,115,3359,32,33],"class_list":{"0":"post-212789","1":"post","2":"type-post","3":"status-publish","4":"format-standard","5":"has-post-thumbnail","7":"category-celebridades","8":"tag-celebridades","9":"tag-celebrities","10":"tag-entertainment","11":"tag-entretenimento","12":"tag-influenciador-digital","13":"tag-portugal","14":"tag-pt"},"share_on_mastodon":{"url":"https:\/\/pubeurope.com\/@pt\/115828359351161524","error":""},"_links":{"self":[{"href":"https:\/\/www.europesays.com\/pt\/wp-json\/wp\/v2\/posts\/212789","targetHints":{"allow":["GET"]}}],"collection":[{"href":"https:\/\/www.europesays.com\/pt\/wp-json\/wp\/v2\/posts"}],"about":[{"href":"https:\/\/www.europesays.com\/pt\/wp-json\/wp\/v2\/types\/post"}],"author":[{"embeddable":true,"href":"https:\/\/www.europesays.com\/pt\/wp-json\/wp\/v2\/users\/2"}],"replies":[{"embeddable":true,"href":"https:\/\/www.europesays.com\/pt\/wp-json\/wp\/v2\/comments?post=212789"}],"version-history":[{"count":0,"href":"https:\/\/www.europesays.com\/pt\/wp-json\/wp\/v2\/posts\/212789\/revisions"}],"wp:featuredmedia":[{"embeddable":true,"href":"https:\/\/www.europesays.com\/pt\/wp-json\/wp\/v2\/media\/212790"}],"wp:attachment":[{"href":"https:\/\/www.europesays.com\/pt\/wp-json\/wp\/v2\/media?parent=212789"}],"wp:term":[{"taxonomy":"category","embeddable":true,"href":"https:\/\/www.europesays.com\/pt\/wp-json\/wp\/v2\/categories?post=212789"},{"taxonomy":"post_tag","embeddable":true,"href":"https:\/\/www.europesays.com\/pt\/wp-json\/wp\/v2\/tags?post=212789"}],"curies":[{"name":"wp","href":"https:\/\/api.w.org\/{rel}","templated":true}]}}