{"id":212791,"date":"2026-01-03T00:36:18","date_gmt":"2026-01-03T00:36:18","guid":{"rendered":"https:\/\/www.europesays.com\/pt\/212791\/"},"modified":"2026-01-03T00:36:18","modified_gmt":"2026-01-03T00:36:18","slug":"reconhece-estes-dois-recrutas-ha-algo-que-os-une-para-alem-do-desafio-da-primeira-companhia-primeira-companhia","status":"publish","type":"post","link":"https:\/\/www.europesays.com\/pt\/212791\/","title":{"rendered":"Reconhece estes dois recrutas? H\u00e1 algo que os une para al\u00e9m do desafio da Primeira Companhia &#8211; Primeira Companhia"},"content":{"rendered":"<p style=\"margin-bottom:11px\">Dois rostos conhecidos dos portugueses <strong>est\u00e3o entre os recrutas da Primeira Companhia<\/strong>.<strong> Nuno Janeiro e Pedro Barroso<\/strong> partilham um passado em comum que vai al\u00e9m da estreia no reality show da TVI: <strong>ambos fizeram parte do elenco de Morangos com A\u00e7\u00facar.<\/strong><\/p>\n<p>O reencontro acontece anos depois de terem marcado a ic\u00f3nica s\u00e9rie juvenil que conquistou gera\u00e7\u00f5es de telespectadores. <strong>Pedro Barroso<\/strong> deu vida a M\u00e1rio na quinta temporada, enquanto Nuno Janeiro interpretou Sam na quarta temporada.<\/p>\n<p>Do Col\u00e9gio da Barra para o quartel, a mudan\u00e7a de cen\u00e1rio \u00e9 radical. Os dois ex-moranguitos deixaram para tr\u00e1s os corredores escolares e preparam-se agora para uma experi\u00eancia totalmente diferente: <strong>os treinos intensos e a disciplina rigorosa da vida militar<\/strong>\u00a0da Primeira Companhia.<\/p>\n","protected":false},"excerpt":{"rendered":"Dois rostos conhecidos dos portugueses est\u00e3o entre os recrutas da Primeira Companhia. Nuno Janeiro e Pedro Barroso partilham&hellip;\n","protected":false},"author":2,"featured_media":212792,"comment_status":"","ping_status":"","sticky":false,"template":"","format":"standard","meta":{"footnotes":""},"categories":[142],"tags":[32685,6781,41432,41409,328,114,115,980,330,41431,32686,338,41424,17787,32,40325,33,41430,25009,151,162],"class_list":{"0":"post-212791","1":"post","2":"type-post","3":"status-publish","4":"format-standard","5":"has-post-thumbnail","7":"category-tv","8":"tag-1a-companhia","9":"tag-base","10":"tag-bucelas","11":"tag-comandante","12":"tag-concorrentes","13":"tag-entertainment","14":"tag-entretenimento","15":"tag-famosos","16":"tag-gala","17":"tag-instrutores","18":"tag-jose-moutinho","19":"tag-maria-botelho-moniz","20":"tag-nuno-janeiro","21":"tag-pedro-barroso","22":"tag-portugal","23":"tag-primeira-companhia","24":"tag-pt","25":"tag-recruta","26":"tag-recrutas","27":"tag-tv","28":"tag-tvi"},"share_on_mastodon":{"url":"https:\/\/pubeurope.com\/@pt\/115828371275038982","error":""},"_links":{"self":[{"href":"https:\/\/www.europesays.com\/pt\/wp-json\/wp\/v2\/posts\/212791","targetHints":{"allow":["GET"]}}],"collection":[{"href":"https:\/\/www.europesays.com\/pt\/wp-json\/wp\/v2\/posts"}],"about":[{"href":"https:\/\/www.europesays.com\/pt\/wp-json\/wp\/v2\/types\/post"}],"author":[{"embeddable":true,"href":"https:\/\/www.europesays.com\/pt\/wp-json\/wp\/v2\/users\/2"}],"replies":[{"embeddable":true,"href":"https:\/\/www.europesays.com\/pt\/wp-json\/wp\/v2\/comments?post=212791"}],"version-history":[{"count":0,"href":"https:\/\/www.europesays.com\/pt\/wp-json\/wp\/v2\/posts\/212791\/revisions"}],"wp:featuredmedia":[{"embeddable":true,"href":"https:\/\/www.europesays.com\/pt\/wp-json\/wp\/v2\/media\/212792"}],"wp:attachment":[{"href":"https:\/\/www.europesays.com\/pt\/wp-json\/wp\/v2\/media?parent=212791"}],"wp:term":[{"taxonomy":"category","embeddable":true,"href":"https:\/\/www.europesays.com\/pt\/wp-json\/wp\/v2\/categories?post=212791"},{"taxonomy":"post_tag","embeddable":true,"href":"https:\/\/www.europesays.com\/pt\/wp-json\/wp\/v2\/tags?post=212791"}],"curies":[{"name":"wp","href":"https:\/\/api.w.org\/{rel}","templated":true}]}}