{"id":212797,"date":"2026-01-03T00:39:10","date_gmt":"2026-01-03T00:39:10","guid":{"rendered":"https:\/\/www.europesays.com\/pt\/212797\/"},"modified":"2026-01-03T00:39:10","modified_gmt":"2026-01-03T00:39:10","slug":"benfica-anuncia-contratacao-de-bernardo-rodrigues","status":"publish","type":"post","link":"https:\/\/www.europesays.com\/pt\/212797\/","title":{"rendered":"Benfica anuncia contrata\u00e7\u00e3o de Bernardo Rodrigues"},"content":{"rendered":"<p>&#8211; Advertisement &#8211;<\/p>\n<p><strong>Bernardo Rodrigues foi confirmado como refor\u00e7o do Benfica. O jovem avan\u00e7ado de 15 anos foi contratado ao Belenenses.<\/strong><\/p>\n<p>O Benfica anunciou a contrata\u00e7\u00e3o de Bernardo Rodrigues. O jovem avan\u00e7ado de 15 anos foi contratado ao <a href=\"https:\/\/bolanarede.pt\/etiqueta\/belenenses\/\" target=\"_blank\" rel=\"noreferrer noopener nofollow\">Belenenses<\/a> e vai refor\u00e7ar a equipa de Juvenis das \u00e1guias.<\/p>\n<p>Bernardo Rodrigues esteve cinco temporadas no Belenenses, depois de ter come\u00e7ado a sua carreira ao servi\u00e7o do Casa Pia. <\/p>\n<p>Nesta temporada tinha somado seis golos em dez jogos pela equipa de Juvenis do Belenenses.<\/p>\n","protected":false},"excerpt":{"rendered":"&#8211; Advertisement &#8211; Bernardo Rodrigues foi confirmado como refor\u00e7o do Benfica. O jovem avan\u00e7ado de 15 anos foi&hellip;\n","protected":false},"author":2,"featured_media":212798,"comment_status":"","ping_status":"","sticky":false,"template":"","format":"standard","meta":{"footnotes":""},"categories":[87],"tags":[260,8256,51,41638,135,32,479,33,134],"class_list":{"0":"post-212797","1":"post","2":"type-post","3":"status-publish","4":"format-standard","5":"has-post-thumbnail","7":"category-desporto","8":"tag-atualidade","9":"tag-belenenses","10":"tag-benfica","11":"tag-bernardo-rodrigues","12":"tag-desporto","13":"tag-portugal","14":"tag-primeira-liga","15":"tag-pt","16":"tag-sports"},"share_on_mastodon":{"url":"https:\/\/pubeurope.com\/@pt\/115828383005786701","error":""},"_links":{"self":[{"href":"https:\/\/www.europesays.com\/pt\/wp-json\/wp\/v2\/posts\/212797","targetHints":{"allow":["GET"]}}],"collection":[{"href":"https:\/\/www.europesays.com\/pt\/wp-json\/wp\/v2\/posts"}],"about":[{"href":"https:\/\/www.europesays.com\/pt\/wp-json\/wp\/v2\/types\/post"}],"author":[{"embeddable":true,"href":"https:\/\/www.europesays.com\/pt\/wp-json\/wp\/v2\/users\/2"}],"replies":[{"embeddable":true,"href":"https:\/\/www.europesays.com\/pt\/wp-json\/wp\/v2\/comments?post=212797"}],"version-history":[{"count":0,"href":"https:\/\/www.europesays.com\/pt\/wp-json\/wp\/v2\/posts\/212797\/revisions"}],"wp:featuredmedia":[{"embeddable":true,"href":"https:\/\/www.europesays.com\/pt\/wp-json\/wp\/v2\/media\/212798"}],"wp:attachment":[{"href":"https:\/\/www.europesays.com\/pt\/wp-json\/wp\/v2\/media?parent=212797"}],"wp:term":[{"taxonomy":"category","embeddable":true,"href":"https:\/\/www.europesays.com\/pt\/wp-json\/wp\/v2\/categories?post=212797"},{"taxonomy":"post_tag","embeddable":true,"href":"https:\/\/www.europesays.com\/pt\/wp-json\/wp\/v2\/tags?post=212797"}],"curies":[{"name":"wp","href":"https:\/\/api.w.org\/{rel}","templated":true}]}}