{"id":212805,"date":"2026-01-03T00:45:10","date_gmt":"2026-01-03T00:45:10","guid":{"rendered":"https:\/\/www.europesays.com\/pt\/212805\/"},"modified":"2026-01-03T00:45:10","modified_gmt":"2026-01-03T00:45:10","slug":"aldi-vai-lancar-um-kit-de-aparelhos-para-fazer-pilates-em-casa-nit","status":"publish","type":"post","link":"https:\/\/www.europesays.com\/pt\/212805\/","title":{"rendered":"ALDI vai lan\u00e7ar um kit de aparelhos para fazer Pilates em casa \u2014 NiT"},"content":{"rendered":"<p>Para quem \u00e9 f\u00e3 de fazer exerc\u00edcios em casa, h\u00e1 novidades que n\u00e3o podem passar ao lado. Desta vez, \u00e9 a ALDI que vai colocar \u00e0 venda equipamentos para os f\u00e3s de Pilates. O novo set vai ficar dispon\u00edvel nas lojas, em Portugal, a partir deste s\u00e1bado, 3 de janeiro.<\/p>\n<p>De edi\u00e7\u00e3o limitada, \u00e9 pensado para quem quer criar um pequeno est\u00fadio de treino em casa, com alguns aparelhos essenciais da modalidade, num total de 60\u20ac.<\/p>\n<p>O conjunto tem no centro o reformer, que \u00e9 o mais caro de todos, o principal aparelho de Pilates (29,99\u20ac). Conta tamb\u00e9m com bolas de Pilates (4,99\u20ac), um anel (4,99\u20ac) e tapetes de desporto (19,99\u20ac). S\u00e3o vendidos em separado e permitem realizar exerc\u00edcios de for\u00e7a, mobilidade e controlo corporal.<\/p>\n<p>O destaque da cole\u00e7\u00e3o \u00e9 o aparelho principal, o tal reformer. Trata-se de uma estrutura semelhante a uma cama, com uma plataforma deslizante, molas ajust\u00e1veis, barras e tiras, que permitem executar exerc\u00edcios deitado, sentado, em p\u00e9 ou de joelhos.<\/p>\n<p>A principal caracter\u00edstica do reformer \u00e9 a possibilidade de ajustar a resist\u00eancia dos movimentos atrav\u00e9s das molas, que ajuda a tornar os exerc\u00edcios mais f\u00e1ceis ou mais exigentes consoante o n\u00edvel de quem pratica. O equipamento pode tanto apoiar o movimento, com maior poio e controlo, ou criar resist\u00eancia, de forma a aumentar o desafio muscular. \u00c9 por isso utilizado por iniciantes, praticantes avan\u00e7ados e tamb\u00e9m em contextos de reabilita\u00e7\u00e3o.<\/p>\n<p>Al\u00e9m de trabalhar a for\u00e7a \u2014 sobretudo do core, gl\u00fateos e pernas \u2014, o reformer \u00e9 usado para melhorar estabilidade, postura, equil\u00edbrio e mobilidade, gra\u00e7as ao movimento controlado da plataforma e ao feedback f\u00edsico constante do equipamento.<\/p>\n<blockquote class=\"instagram-media\" style=\"background: #FFF; border: 0; border-radius: 3px; box-shadow: 0 0 1px 0 rgba(0,0,0,0.5),0 1px 10px 0 rgba(0,0,0,0.15); margin: 1px; max-width: 540px; min-width: 326px; padding: 0; width: calc(100% - 2px);\" data-instgrm-permalink=\"https:\/\/www.instagram.com\/reel\/DTAeyRNAnLG\/?utm_source=ig_embed&amp;utm_campaign=loading\" data-instgrm-version=\"14\">\n<\/blockquote>\n<p>\t\t\t\t<script async src=\"\/\/www.instagram.com\/embed.js\"><\/script><\/p>\n","protected":false},"excerpt":{"rendered":"Para quem \u00e9 f\u00e3 de fazer exerc\u00edcios em casa, h\u00e1 novidades que n\u00e3o podem passar ao lado. Desta&hellip;\n","protected":false},"author":2,"featured_media":212806,"comment_status":"","ping_status":"","sticky":false,"template":"","format":"standard","meta":{"footnotes":""},"categories":[10],"tags":[27,28,15,16,14,25,26,21,22,12,13,19,20,32,23,24,33,17,18,29,30,31],"class_list":{"0":"post-212805","1":"post","2":"type-post","3":"status-publish","4":"format-standard","5":"has-post-thumbnail","7":"category-portugal","8":"tag-breaking-news","9":"tag-breakingnews","10":"tag-featured-news","11":"tag-featurednews","12":"tag-headlines","13":"tag-latest-news","14":"tag-latestnews","15":"tag-main-news","16":"tag-mainnews","17":"tag-news","18":"tag-noticias","19":"tag-noticias-principais","20":"tag-noticiasprincipais","21":"tag-portugal","22":"tag-principais-noticias","23":"tag-principaisnoticias","24":"tag-pt","25":"tag-top-stories","26":"tag-topstories","27":"tag-ultimas","28":"tag-ultimas-noticias","29":"tag-ultimasnoticias"},"share_on_mastodon":{"url":"https:\/\/pubeurope.com\/@pt\/115828406603821499","error":""},"_links":{"self":[{"href":"https:\/\/www.europesays.com\/pt\/wp-json\/wp\/v2\/posts\/212805","targetHints":{"allow":["GET"]}}],"collection":[{"href":"https:\/\/www.europesays.com\/pt\/wp-json\/wp\/v2\/posts"}],"about":[{"href":"https:\/\/www.europesays.com\/pt\/wp-json\/wp\/v2\/types\/post"}],"author":[{"embeddable":true,"href":"https:\/\/www.europesays.com\/pt\/wp-json\/wp\/v2\/users\/2"}],"replies":[{"embeddable":true,"href":"https:\/\/www.europesays.com\/pt\/wp-json\/wp\/v2\/comments?post=212805"}],"version-history":[{"count":0,"href":"https:\/\/www.europesays.com\/pt\/wp-json\/wp\/v2\/posts\/212805\/revisions"}],"wp:featuredmedia":[{"embeddable":true,"href":"https:\/\/www.europesays.com\/pt\/wp-json\/wp\/v2\/media\/212806"}],"wp:attachment":[{"href":"https:\/\/www.europesays.com\/pt\/wp-json\/wp\/v2\/media?parent=212805"}],"wp:term":[{"taxonomy":"category","embeddable":true,"href":"https:\/\/www.europesays.com\/pt\/wp-json\/wp\/v2\/categories?post=212805"},{"taxonomy":"post_tag","embeddable":true,"href":"https:\/\/www.europesays.com\/pt\/wp-json\/wp\/v2\/tags?post=212805"}],"curies":[{"name":"wp","href":"https:\/\/api.w.org\/{rel}","templated":true}]}}