{"id":212881,"date":"2026-01-03T01:50:07","date_gmt":"2026-01-03T01:50:07","guid":{"rendered":"https:\/\/www.europesays.com\/pt\/212881\/"},"modified":"2026-01-03T01:50:07","modified_gmt":"2026-01-03T01:50:07","slug":"a-redacao-salve-avc-um-metodo-simples-que-pode-salvar-vidas-todos-os-dias","status":"publish","type":"post","link":"https:\/\/www.europesays.com\/pt\/212881\/","title":{"rendered":"A Reda\u00e7\u00e3o | SALVE AVC: um m\u00e9todo simples que pode salvar vidas todos os dias"},"content":{"rendered":"<p>O Acidente Vascular Cerebral (AVC) permanece entre as principais causas de morte e incapacidade no Brasil e no mundo, com mais de 84 mil \u00f3bitos no Pa\u00eds anualmente e um enorme impacto social e econ\u00f4mico. Dados da revista cient\u00edfica The Lancet Neurology mostram uma mudan\u00e7a preocupante no perfil da doen\u00e7a: a inci\u00eancia em jovens adultos. Cerca de 18% dos casos de AVC no Brasil, segundo a Rede Brasil AVC, ocorrem em pessoas entre 18 e 45 anos, e a ocorr\u00eancia nessa faixa et\u00e1ria cresceu aproximadamente 20% nos \u00faltimos cinco anos \u2014 reflexo de mudan\u00e7as no estilo de vida e aumento de fatores de risco como obesidade, hipertens\u00e3o e diabetes em adultos jovens.<\/p>\n<p>Embora o AVC seja frequentemente associado \u00e0 terceira idade, os n\u00fameros atuais revelam que jovens tamb\u00e9m est\u00e3o vulner\u00e1veis, e a incapacidade ou morte nessa fase da vida \u00e9 devastadora para as fam\u00edlias. Nesse contexto, reconhecer imediatamente os sinais do AVC \u00e9 t\u00e3o crucial quanto prevenir a doen\u00e7a.<\/p>\n<p>Para aproximar o conhecimento m\u00e9dico da popula\u00e7\u00e3o que desenvolvemos o m\u00e9todo SALVE, uma ferramenta simples, objetiva e f\u00e1cil de memorizar, pensada para que qualquer pessoa identifique rapidamente os principais sinais de um AVC. O nome \u00e9 um acr\u00f4nimo que re\u00fane cinco sinais essenciais: Sorriso, Abra\u00e7o, Linguagem, Vis\u00e3o e Equil\u00edbrio.<\/p>\n<p>No atendimento di\u00e1rio, \u00e9 comum observar que os primeiros sinais \u2014 como fala embolada ou leve fraqueza em um bra\u00e7o \u2014 n\u00e3o s\u00e3o reconhecidos como emerg\u00eancia pelos familiares, atrasando o socorro. Em neurologia, tempo \u00e9 c\u00e9rebro: cada minuto sem tratamento resulta na perda irrevers\u00edvel de tecido cerebral e neur\u00f4nios, diminuindo as chances de recupera\u00e7\u00e3o e aumentando sequelas.<\/p>\n<p>O m\u00e9todo SALVE prop\u00f5e:<\/p>\n<p><b>Sorriso \u2013<\/b>\u00a0verificar se h\u00e1 desvio em um lado da boca;<\/p>\n<p><b>Abra\u00e7o \u2013<\/b>\u00a0observar dificuldade em levantar os dois bra\u00e7os;<\/p>\n<p><b>Linguagem \u2013<\/b>\u00a0notar fala arrastada ou confusa;<\/p>\n<p><b>Vis\u00e3o \u2013<\/b>\u00a0identificar perda s\u00fabita da vis\u00e3o;<\/p>\n<p><b>Equil\u00edbrio \u2013<\/b>\u00a0perceber tontura intensa ou dificuldade para caminhar.<\/p>\n<p>Ao identificar um desses sinais, \u00e9 fundamental chamar imediatamente o servi\u00e7o de emerg\u00eancia. Quanto mais r\u00e1pido o atendimento, maiores as chances de recupera\u00e7\u00e3o com poucas ou nenhuma sequela.<\/p>\n<p>Al\u00e9m do reconhecimento r\u00e1pido, a preven\u00e7\u00e3o continua essencial: controlar press\u00e3o arterial, manter n\u00edveis saud\u00e1veis de glicose, praticar atividade f\u00edsica, evitar tabagismo e adotar uma alimenta\u00e7\u00e3o equilibrada. No entanto, mesmo com preven\u00e7\u00e3o, saber como agir diante dos primeiros sinais de AVC pode fazer a diferen\u00e7a entre viver com qualidade ou enfrentar sequelas severas.<\/p>\n<p>Que em 2026 avancemos ainda mais na educa\u00e7\u00e3o em sa\u00fade e na dissemina\u00e7\u00e3o de m\u00e9todos simples e eficazes como o SALVE. Informar \u00e9 cuidar \u2014 e cuidar pode salvar vidas.<\/p>\n<p>*<strong>Dr. Marcos Alexandre Carvalho Alves<\/strong> \u00e9 neurologista no Hospital Mater Dei Goi\u00e2nia<\/p>\n","protected":false},"excerpt":{"rendered":"O Acidente Vascular Cerebral (AVC) permanece entre as principais causas de morte e incapacidade no Brasil e no&hellip;\n","protected":false},"author":2,"featured_media":212882,"comment_status":"","ping_status":"","sticky":false,"template":"","format":"standard","meta":{"footnotes":""},"categories":[86],"tags":[116,32,33,117],"class_list":{"0":"post-212881","1":"post","2":"type-post","3":"status-publish","4":"format-standard","5":"has-post-thumbnail","7":"category-saude","8":"tag-health","9":"tag-portugal","10":"tag-pt","11":"tag-saude"},"share_on_mastodon":{"url":"https:\/\/pubeurope.com\/@pt\/115828662125471266","error":""},"_links":{"self":[{"href":"https:\/\/www.europesays.com\/pt\/wp-json\/wp\/v2\/posts\/212881","targetHints":{"allow":["GET"]}}],"collection":[{"href":"https:\/\/www.europesays.com\/pt\/wp-json\/wp\/v2\/posts"}],"about":[{"href":"https:\/\/www.europesays.com\/pt\/wp-json\/wp\/v2\/types\/post"}],"author":[{"embeddable":true,"href":"https:\/\/www.europesays.com\/pt\/wp-json\/wp\/v2\/users\/2"}],"replies":[{"embeddable":true,"href":"https:\/\/www.europesays.com\/pt\/wp-json\/wp\/v2\/comments?post=212881"}],"version-history":[{"count":0,"href":"https:\/\/www.europesays.com\/pt\/wp-json\/wp\/v2\/posts\/212881\/revisions"}],"wp:featuredmedia":[{"embeddable":true,"href":"https:\/\/www.europesays.com\/pt\/wp-json\/wp\/v2\/media\/212882"}],"wp:attachment":[{"href":"https:\/\/www.europesays.com\/pt\/wp-json\/wp\/v2\/media?parent=212881"}],"wp:term":[{"taxonomy":"category","embeddable":true,"href":"https:\/\/www.europesays.com\/pt\/wp-json\/wp\/v2\/categories?post=212881"},{"taxonomy":"post_tag","embeddable":true,"href":"https:\/\/www.europesays.com\/pt\/wp-json\/wp\/v2\/tags?post=212881"}],"curies":[{"name":"wp","href":"https:\/\/api.w.org\/{rel}","templated":true}]}}