{"id":212894,"date":"2026-01-03T02:04:07","date_gmt":"2026-01-03T02:04:07","guid":{"rendered":"https:\/\/www.europesays.com\/pt\/212894\/"},"modified":"2026-01-03T02:04:07","modified_gmt":"2026-01-03T02:04:07","slug":"rui-borges-vive-deja-vu-indisponiveis-complicam-contas-para-v-guimaraes-e-liga","status":"publish","type":"post","link":"https:\/\/www.europesays.com\/pt\/212894\/","title":{"rendered":"Rui Borges vive \u00abd\u00e9j\u00e0 vu\u00bb: indispon\u00edveis complicam contas para V. Guimar\u00e3es e Liga"},"content":{"rendered":"<p>Rui Borges est\u00e1 a viver um\u00a0d\u00e9j\u00e0 vu\u00a0da \u00faltima temporada e tem, ao todo, 12 jogadores indispon\u00edveis para os pr\u00f3ximos dois jogos (V. Guimar\u00e3es e Casa Pia).<\/p>\n<p><a href=\"https:\/\/maisfutebol.iol.pt\/sporting\/liga\/atencao-sporting-hjulmand-falha-rececao-ao-casa-pia-por-castigo\" target=\"_blank\" rel=\"nofollow noopener\">Hjulmand<\/a> e Maxi Ara\u00fajo viram o quinto cart\u00e3o amarelo no jogo desta sexta-feira frente ao Gil Vicente e falham a rece\u00e7\u00e3o aos \u00abgansos\u00bb na 18.\u00aa jornada da Liga, sendo que Gon\u00e7alo In\u00e1cio foi expulso e vai falhar, pelo menos, o embate das \u00abmeias\u00bb da Ta\u00e7a da Liga frente ao V. Guimar\u00e3es.<\/p>\n<p>Al\u00e9m disso, o t\u00e9cnico tem Pedro Gon\u00e7alves, Quenda, Daniel Bragan\u00e7a, Debast, Nuno Santos, Ricardo Mangas e Salvador Blopa de fora por les\u00e3o, al\u00e9m de Geny Catamo e Ousmane Diomande, que se encontram ao servi\u00e7o das respetivas sele\u00e7\u00f5es na CAN.<\/p>\n<p>Quer isto dizer que, neste momento, Rui Borges n\u00e3o tem dez jogadores \u00e0 disposi\u00e7\u00e3o para o jogo desta ter\u00e7a-feira (Ta\u00e7a da Liga) e 11 para o pr\u00f3ximo encontro da Liga.<\/p>\n","protected":false},"excerpt":{"rendered":"Rui Borges est\u00e1 a viver um\u00a0d\u00e9j\u00e0 vu\u00a0da \u00faltima temporada e tem, ao todo, 12 jogadores indispon\u00edveis para os&hellip;\n","protected":false},"author":2,"featured_media":212895,"comment_status":"","ping_status":"","sticky":false,"template":"","format":"standard","meta":{"footnotes":""},"categories":[87],"tags":[41654,135,3312,36,46,32,33,47,3880,34,134,5344],"class_list":{"0":"post-212894","1":"post","2":"type-post","3":"status-publish","4":"format-standard","5":"has-post-thumbnail","7":"category-desporto","8":"tag-ausencias","9":"tag-desporto","10":"tag-lesoes","11":"tag-liga","12":"tag-maisfutebol","13":"tag-portugal","14":"tag-pt","15":"tag-pura-paixao","16":"tag-rui-borges","17":"tag-sporting","18":"tag-sports","19":"tag-taca-da-liga"},"share_on_mastodon":{"url":"https:\/\/pubeurope.com\/@pt\/115828717427502139","error":""},"_links":{"self":[{"href":"https:\/\/www.europesays.com\/pt\/wp-json\/wp\/v2\/posts\/212894","targetHints":{"allow":["GET"]}}],"collection":[{"href":"https:\/\/www.europesays.com\/pt\/wp-json\/wp\/v2\/posts"}],"about":[{"href":"https:\/\/www.europesays.com\/pt\/wp-json\/wp\/v2\/types\/post"}],"author":[{"embeddable":true,"href":"https:\/\/www.europesays.com\/pt\/wp-json\/wp\/v2\/users\/2"}],"replies":[{"embeddable":true,"href":"https:\/\/www.europesays.com\/pt\/wp-json\/wp\/v2\/comments?post=212894"}],"version-history":[{"count":0,"href":"https:\/\/www.europesays.com\/pt\/wp-json\/wp\/v2\/posts\/212894\/revisions"}],"wp:featuredmedia":[{"embeddable":true,"href":"https:\/\/www.europesays.com\/pt\/wp-json\/wp\/v2\/media\/212895"}],"wp:attachment":[{"href":"https:\/\/www.europesays.com\/pt\/wp-json\/wp\/v2\/media?parent=212894"}],"wp:term":[{"taxonomy":"category","embeddable":true,"href":"https:\/\/www.europesays.com\/pt\/wp-json\/wp\/v2\/categories?post=212894"},{"taxonomy":"post_tag","embeddable":true,"href":"https:\/\/www.europesays.com\/pt\/wp-json\/wp\/v2\/tags?post=212894"}],"curies":[{"name":"wp","href":"https:\/\/api.w.org\/{rel}","templated":true}]}}