{"id":212900,"date":"2026-01-03T02:10:09","date_gmt":"2026-01-03T02:10:09","guid":{"rendered":"https:\/\/www.europesays.com\/pt\/212900\/"},"modified":"2026-01-03T02:10:09","modified_gmt":"2026-01-03T02:10:09","slug":"portugal-tera-atingido-pico-da-gripe-com-1265-casos-diagnosticados-na-ultima-semana-saude","status":"publish","type":"post","link":"https:\/\/www.europesays.com\/pt\/212900\/","title":{"rendered":"Portugal ter\u00e1 atingido pico da gripe, com 1265 casos diagnosticados na \u00faltima semana | Sa\u00fade"},"content":{"rendered":"<p>Portugal estar\u00e1 neste momento no pico da actividade gripal, de acordo com os dados do mais recente boletim de vigil\u00e2ncia do Instituto Nacional de Sa\u00fade Dr. Ricardo Jorge (Insa), afirmou esta sexta-feira, 2 de Janeiro, o subdirector-geral da Sa\u00fade Andr\u00e9 Peralta Santos. A mortalidade por todas as causas continua com valores acima do esperado em Portugal.<\/p>\n<p>Segundo o relat\u00f3rio relativo ao per\u00edodo entre 22 e 28 de Dezembro, foram detectados na \u00faltima semana 1265 casos positivos para o <a href=\"https:\/\/www.publico.pt\/2025\/12\/25\/sociedade\/noticia\/ja-diagnosticados-7500-casos-gripe-tendencia-crescente-mantemse-2159226\" target=\"_blank\" rel=\"nofollow noopener\">v\u00edrus da gripe<\/a> \u2014 n\u00famero igual ao registado na semana anterior a esta.<\/p>\n<p>Quase todos os novos casos de gripe foram identificados como sendo do tipo A (1263). Nos v\u00edrus subtipados, foi identificado o subtipo A(H3N2) em 118 casos e o A(H1N1)pdm09 em 88 casos.<\/p>\n<p>&#8220;Os indicadores est\u00e3o est\u00e1veis. O n\u00famero de pessoas que v\u00e3o \u00e0s urg\u00eancias, o n\u00famero de internamentos que temos por causa da gripe est\u00e1 est\u00e1vel, o que quer dizer que estamos a assistir \u00e0 <a href=\"https:\/\/www.publico.pt\/2025\/12\/20\/sociedade\/noticia\/1200-novos-casos-gripe-semana-pico-chegar-fim-ano-2158764?ref=gripe&amp;cx=page__content\" target=\"_blank\" rel=\"nofollow noopener\">forma\u00e7\u00e3o do pico<\/a>. Mas n\u00e3o sabemos se ser\u00e1 este o \u00fanico&#8221;, esclareceu Andr\u00e9 Peralta Santos, em entrevista \u00e0 RTP Not\u00edcias, confirmando o pico de infec\u00e7\u00f5es que as autoridades de sa\u00fade j\u00e1 tinham previsto que poderia ocorrer nas semanas do Natal e Ano Novo.<\/p>\n<p>O subdirector-geral da Sa\u00fade admite ainda a possibilidade de a actividade gripal voltar a aumentar no in\u00edcio de Janeiro, no per\u00edodo p\u00f3s-festividades e com o regresso aos locais de emprego e a retoma das actividades escolares, podendo mesmo existir dois picos da gripe.<\/p>\n<p>&#8220;\u00c9 de esperar que se mantenha press\u00e3o sobre o sistema de sa\u00fade, isso implica a procura nos cuidados de sa\u00fade prim\u00e1rios, nos centros de sa\u00fade e nos hospitais. Com o desenrolar de Janeiro, obviamente, esperamos que a situa\u00e7\u00e3o melhore, porque a actividade gripal vai diminuindo, mas n\u00e3o quer dizer que j\u00e1 na pr\u00f3xima semana vejamos uma melhoria, porque h\u00e1 uma grande intensidade de v\u00edrus ainda em circula\u00e7\u00e3o&#8221;, explicou.<\/p>\n<p>Na \u00faltima semana, foram reportados 16 casos de gripe pelas 13 unidades de cuidados intensivos (UCI) que enviaram informa\u00e7\u00e3o, sendo que, devido ao per\u00edodo festivo, houve menos hospitais a reportar dados, segundo alerta o INSA. A maioria dos doentes que precisaram de internamento em UCI por causa da gripe tem mais de 55 anos, mas todos t\u00eam doen\u00e7a cr\u00f3nica subjacente e todos tinham recomenda\u00e7\u00e3o para vacina\u00e7\u00e3o contra a gripe sazonal. Dos 16 que ali foram internados, 13 n\u00e3o estavam vacinados.<\/p>\n<p>H\u00e1 tamb\u00e9m uma tend\u00eancia crescente na incid\u00eancia de internamentos por causa do v\u00edrus sincicial respirat\u00f3rio em crian\u00e7as com menos de dois anos.<\/p>\n<p>Al\u00e9m da vacina\u00e7\u00e3o, Andr\u00e9 Peralta Santos deixa &#8220;conselhos muito simples&#8221; para <a href=\"https:\/\/www.publico.pt\/2025\/12\/19\/sociedade\/noticia\/camas-gestao-altas-uso-mascara-hospitais-adaptamse-epoca-gripal-2158559?ref=gripe&amp;cx=page__content\" target=\"_blank\" rel=\"nofollow noopener\">prevenir a infec\u00e7\u00e3o<\/a> pelo v\u00edrus da gripe: &#8220;O uso de m\u00e1scara para quem tem sintomas respirat\u00f3rios; e, se poss\u00edvel, tentar manter o teletrabalho se tiver sintomas.&#8221;<\/p>\n<p>No total, desde o in\u00edcio da \u00e9poca gripal, a 29 de Setembro, a Rede Portuguesa de Laborat\u00f3rios para o Diagn\u00f3stico da Gripe e Outros V\u00edrus Respirat\u00f3rios j\u00e1 identificou 9620 casos de gripe e notificou 51.993 casos de infec\u00e7\u00e3o respirat\u00f3ria.<\/p>\n<p>Em Portugal, h\u00e1 neste momento &#8220;<a href=\"https:\/\/www.publico.pt\/2025\/12\/20\/sociedade\/noticia\/dezembro-dez-dias-excesso-mortalidade-600-obitos-acima-esperado-2158788?ref=gripe&amp;cx=page__content\" target=\"_blank\" rel=\"nofollow noopener\">excesso de mortalidade<\/a>, porque estamos na fase epid\u00e9mica de gripe&#8221;, afirma o subdirector-geral da Sa\u00fade. O boletim do Insa indica que a &#8220;mortalidade por todas as causas&#8221; atingiu &#8220;valores acima do esperado&#8221; no pa\u00eds, identificando-se excessos de mortalidade nas regi\u00f5es Norte, Centro, Alentejo e Lisboa e Vale do Tejo, e nos grupos et\u00e1rios acima dos 65 anos.<\/p>\n<p>A n\u00edvel europeu, na semana entre 22 e 28 de Dezembro, a circula\u00e7\u00e3o do v\u00edrus da gripe continuou a aumentar, &#8220;com a maioria dos pa\u00edses a reportar agora uma actividade generalizada de intensidade baixa a muito alta e tend\u00eancias crescentes&#8221;.<\/p>\n<p>Quanto \u00e0 circula\u00e7\u00e3o do v\u00edrus sincicial respirat\u00f3rio, estabilizou ap\u00f3s semanas de aumento constante, mantendo-se em n\u00edveis abaixo do observado nas \u00faltimas \u00e9pocas. O v\u00edrus da covid-19 &#8220;continua a circular, mas est\u00e1 a diminuir em todos os grupos et\u00e1rios&#8221;.<\/p>\n","protected":false},"excerpt":{"rendered":"Portugal estar\u00e1 neste momento no pico da actividade gripal, de acordo com os dados do mais recente boletim&hellip;\n","protected":false},"author":2,"featured_media":212901,"comment_status":"","ping_status":"","sticky":false,"template":"","format":"standard","meta":{"footnotes":""},"categories":[10],"tags":[27,28,529,15,16,1418,14,25,26,21,22,12,13,19,20,32,23,24,33,117,850,58,17,18,29,30,31,1893],"class_list":{"0":"post-212900","1":"post","2":"type-post","3":"status-publish","4":"format-standard","5":"has-post-thumbnail","7":"category-portugal","8":"tag-breaking-news","9":"tag-breakingnews","10":"tag-doencas","11":"tag-featured-news","12":"tag-featurednews","13":"tag-gripe","14":"tag-headlines","15":"tag-latest-news","16":"tag-latestnews","17":"tag-main-news","18":"tag-mainnews","19":"tag-news","20":"tag-noticias","21":"tag-noticias-principais","22":"tag-noticiasprincipais","23":"tag-portugal","24":"tag-principais-noticias","25":"tag-principaisnoticias","26":"tag-pt","27":"tag-saude","28":"tag-servico-nacional-de-saude","29":"tag-sociedade","30":"tag-top-stories","31":"tag-topstories","32":"tag-ultimas","33":"tag-ultimas-noticias","34":"tag-ultimasnoticias","35":"tag-virus"},"share_on_mastodon":{"url":"https:\/\/pubeurope.com\/@pt\/115828740830137080","error":""},"_links":{"self":[{"href":"https:\/\/www.europesays.com\/pt\/wp-json\/wp\/v2\/posts\/212900","targetHints":{"allow":["GET"]}}],"collection":[{"href":"https:\/\/www.europesays.com\/pt\/wp-json\/wp\/v2\/posts"}],"about":[{"href":"https:\/\/www.europesays.com\/pt\/wp-json\/wp\/v2\/types\/post"}],"author":[{"embeddable":true,"href":"https:\/\/www.europesays.com\/pt\/wp-json\/wp\/v2\/users\/2"}],"replies":[{"embeddable":true,"href":"https:\/\/www.europesays.com\/pt\/wp-json\/wp\/v2\/comments?post=212900"}],"version-history":[{"count":0,"href":"https:\/\/www.europesays.com\/pt\/wp-json\/wp\/v2\/posts\/212900\/revisions"}],"wp:featuredmedia":[{"embeddable":true,"href":"https:\/\/www.europesays.com\/pt\/wp-json\/wp\/v2\/media\/212901"}],"wp:attachment":[{"href":"https:\/\/www.europesays.com\/pt\/wp-json\/wp\/v2\/media?parent=212900"}],"wp:term":[{"taxonomy":"category","embeddable":true,"href":"https:\/\/www.europesays.com\/pt\/wp-json\/wp\/v2\/categories?post=212900"},{"taxonomy":"post_tag","embeddable":true,"href":"https:\/\/www.europesays.com\/pt\/wp-json\/wp\/v2\/tags?post=212900"}],"curies":[{"name":"wp","href":"https:\/\/api.w.org\/{rel}","templated":true}]}}