{"id":212956,"date":"2026-01-03T03:28:10","date_gmt":"2026-01-03T03:28:10","guid":{"rendered":"https:\/\/www.europesays.com\/pt\/212956\/"},"modified":"2026-01-03T03:28:10","modified_gmt":"2026-01-03T03:28:10","slug":"tom-brady-ex-de-gisele-bundchen-vive-affair-com-influenciadora","status":"publish","type":"post","link":"https:\/\/www.europesays.com\/pt\/212956\/","title":{"rendered":"Tom Brady, ex de Gisele B\u00fcndchen, vive affair com influenciadora"},"content":{"rendered":"<p class=\"w-full text-lg font-krub text-gray-500 leading-30\">O ex-jogador da<strong class=\"font-bold\"> <a href=\"https:\/\/www.lance.com.br\/futebol-americano\" class=\"font-bold break-normal hover:underline\" style=\"color:var(--green-lance)\" rel=\"nofollow noopener\" target=\"_blank\">NFL<\/a>, Tom Brady<\/strong>, 48 anos, passou a virada do ano no Caribe ao lado da influenciadora digital <strong class=\"font-bold\">Alix Earle<\/strong>, 25 anos. Os dois foram vistos juntos durante festa de <strong class=\"font-bold\">R\u00e9veillon<\/strong> realizada na noite de 31 de dezembro para 1\u00ba de janeiro de 2026, em clima que observadores descreveram como rom\u00e2ntico.<\/p>\n<p>continua ap\u00f3s a publicidade<\/p>\n<p class=\"w-full text-lg font-krub text-gray-500 leading-30\">\u27a1\ufe0f <strong class=\"font-bold\"><a href=\"https:\/\/www.lance.com.br\/fora-de-campo\/idolo-do-corinthians-e-cotado-para-entrar-no-bbb-26-diz-perfil-especializado.html\" class=\"font-bold break-normal hover:underline\" style=\"color:var(--green-lance)\" rel=\"nofollow noopener\" target=\"_blank\">\u00cddolo do Corinthians \u00e9 cotado para entrar no BBB 26, diz perfil especializado<\/a><\/strong><\/p>\n<p class=\"w-full text-lg font-krub text-gray-500 leading-30\">A diferen\u00e7a de idade entre Brady e Earle \u00e9 de 23 anos. O ex-atleta foi anteriormente casado com a modelo brasileira Gisele B\u00fcndchen, com quem tem dois filhos.<\/p>\n<p class=\"w-full text-lg font-krub text-gray-500 leading-30\">Alix Earle n\u00e3o \u00e9 uma figura an\u00f4nima nos Estados Unidos. Filha de um magnata, ela ganhou popularidade por sua participa\u00e7\u00e3o no programa &#8220;Dan\u00e7a dos Famosos&#8221; americano, al\u00e9m de sua atua\u00e7\u00e3o como influenciadora nas redes sociais.<\/p>\n<p>continua ap\u00f3s a publicidade<\/p>\n<p class=\"w-full text-lg font-krub text-gray-500 leading-30\">At\u00e9 o momento da publica\u00e7\u00e3o desta mat\u00e9ria, Brady e Earle ainda n\u00e3o se pronunciaram oficialmente sobre o poss\u00edvel relacionamento ou sobre o encontro durante as festividades. Tamb\u00e9m n\u00e3o se sabe informa\u00e7\u00f5es sobre como os dois se conheceram ou h\u00e1 quanto tempo mant\u00eam contato.<\/p>\n<p class=\"w-full text-lg font-krub text-gray-500 leading-30\"><strong class=\"font-bold\"><a href=\"https:\/\/whatsapp.com\/channel\/0029Va7p95rBfxoAiHM8Ob0m?utm_source=cta&amp;utm_medium=whatsappforadecampo&amp;utm_id=whatsapp\" class=\"font-bold break-normal hover:underline\" style=\"color:var(--green-lance)\" target=\"_blank\" rel=\"nofollow noopener\">\u27a1\ufe0f Siga o Lance! Fora de Campo no WhatsApp e saiba o que rola fora das 4 linhas<\/a><\/strong><\/p>\n<p>Tom Brady e Gisele B\u00fcndchen<\/p>\n<p class=\"w-full text-lg font-krub text-gray-500 leading-30\">O ex-jogador de futebol americano est\u00e1 solteiro desde o fim do casamento com a modelo brasileiro. Ele foi casado com Gisele durante 14 anos. No relacionamento, eles tiveram dois filhos: Benjamin, de 14 anos, e Vivian Lake, de 12. O principal motivo da separa\u00e7\u00e3o do casal teria sido a\u00a0<a href=\"https:\/\/www.lance.com.br\/fora-de-campo\/web-vai-a-loucura-apos-tom-brady-desistir-da-aposentadoria-e-confirmar-retorno-a-nfl.html\" class=\"font-bold break-normal hover:underline\" style=\"color:var(--green-lance)\" rel=\"nofollow noopener\" target=\"_blank\"><strong>desist\u00eancia da aposentadoria do atleta<\/strong><\/a>. Um ano ap\u00f3s o fim do casamento, a brasileira engatou o namoro com Joaquim Valente.<\/p>\n<p>continua ap\u00f3s a publicidade<\/p>\n<p><img alt=\"Brady\" loading=\"lazy\" width=\"850\" height=\"530\" decoding=\"async\" data-nimg=\"1\" class=\"rounded-lg w-full object-contain\" style=\"color:transparent\" src=\"https:\/\/www.europesays.com\/pt\/wp-content\/uploads\/2026\/01\/Brady.jpg\"\/>Brady postou uma foto com Gisele em homenagem ao Dia das M\u00e3es (Foto: Reprodu\u00e7\u00e3o\/Instagram) <\/p>\n","protected":false},"excerpt":{"rendered":"O ex-jogador da NFL, Tom Brady, 48 anos, passou a virada do ano no Caribe ao lado da&hellip;\n","protected":false},"author":2,"featured_media":212957,"comment_status":"","ping_status":"","sticky":false,"template":"","format":"standard","meta":{"footnotes":""},"categories":[145],"tags":[211,210,114,115,12579,32,33,36256],"class_list":{"0":"post-212956","1":"post","2":"type-post","3":"status-publish","4":"format-standard","5":"has-post-thumbnail","7":"category-celebridades","8":"tag-celebridades","9":"tag-celebrities","10":"tag-entertainment","11":"tag-entretenimento","12":"tag-fora-de-campo","13":"tag-portugal","14":"tag-pt","15":"tag-tom-brady"},"share_on_mastodon":{"url":"https:\/\/pubeurope.com\/@pt\/115829047538250978","error":""},"_links":{"self":[{"href":"https:\/\/www.europesays.com\/pt\/wp-json\/wp\/v2\/posts\/212956","targetHints":{"allow":["GET"]}}],"collection":[{"href":"https:\/\/www.europesays.com\/pt\/wp-json\/wp\/v2\/posts"}],"about":[{"href":"https:\/\/www.europesays.com\/pt\/wp-json\/wp\/v2\/types\/post"}],"author":[{"embeddable":true,"href":"https:\/\/www.europesays.com\/pt\/wp-json\/wp\/v2\/users\/2"}],"replies":[{"embeddable":true,"href":"https:\/\/www.europesays.com\/pt\/wp-json\/wp\/v2\/comments?post=212956"}],"version-history":[{"count":0,"href":"https:\/\/www.europesays.com\/pt\/wp-json\/wp\/v2\/posts\/212956\/revisions"}],"wp:featuredmedia":[{"embeddable":true,"href":"https:\/\/www.europesays.com\/pt\/wp-json\/wp\/v2\/media\/212957"}],"wp:attachment":[{"href":"https:\/\/www.europesays.com\/pt\/wp-json\/wp\/v2\/media?parent=212956"}],"wp:term":[{"taxonomy":"category","embeddable":true,"href":"https:\/\/www.europesays.com\/pt\/wp-json\/wp\/v2\/categories?post=212956"},{"taxonomy":"post_tag","embeddable":true,"href":"https:\/\/www.europesays.com\/pt\/wp-json\/wp\/v2\/tags?post=212956"}],"curies":[{"name":"wp","href":"https:\/\/api.w.org\/{rel}","templated":true}]}}