{"id":212984,"date":"2026-01-03T04:11:10","date_gmt":"2026-01-03T04:11:10","guid":{"rendered":"https:\/\/www.europesays.com\/pt\/212984\/"},"modified":"2026-01-03T04:11:10","modified_gmt":"2026-01-03T04:11:10","slug":"mario-gomes-faz-revelacao-sobre-assalto-em-sua-casa-estavam","status":"publish","type":"post","link":"https:\/\/www.europesays.com\/pt\/212984\/","title":{"rendered":"M\u00e1rio Gomes faz revela\u00e7\u00e3o sobre assalto em sua casa: &#8216;Estavam&#8230;&#8217;"},"content":{"rendered":"<p>\n                        Ex-gal\u00e3 da Globo, M\u00e1rio Gomes relembra a invas\u00e3o de sete homens armados e encapuzados em sua casa\n                    <\/p>\n<ul class=\"article__header__author\">\n<li class=\"article__header__author__item\">\n                                                Por:<br \/>\n                                                                                    Reda\u00e7\u00e3o Contigo! \/ Contigo\n                                                                        <\/li>\n<\/ul>\n<p class=\"text\">Quase um m\u00eas ap\u00f3s o crime ocorrido em 5 de dezembro, <strong>M\u00e1rio Gomes<\/strong> compartilhou uma reflex\u00e3o profunda sobre o impacto do assalto em sua vida. Na ocasi\u00e3o, sete homens armados e encapuzados invadiram a resid\u00eancia onde o ator vive com a fam\u00edlia, levando uma quantia de R$ 50 mil em esp\u00e9cie. Apesar do preju\u00edzo, o artista demonstrou resili\u00eancia ao falar sobre o valor que atribui aos bens materiais.<\/p>\n<p><img loading=\"lazy\" decoding=\"async\" alt=\"M\u00e1rio Gomes (Reprodu\u00e7\u00e3o\/Instagram)\" class=\"img-fa56270dd1156db5cfc2422617c41334gthrid40\" height=\"435\" src=\"https:\/\/www.europesays.com\/pt\/wp-content\/uploads\/2026\/01\/1315038614-mario-gomes.jpg\"  title=\"M\u00e1rio Gomes (Reprodu\u00e7\u00e3o\/Instagram)\" width=\"774\"\/><\/p>\n<p>M\u00e1rio Gomes (Reprodu\u00e7\u00e3o\/Instagram)<\/p>\n<p>Foto: Contigo<\/p>\n<p>A gratid\u00e3o e a mem\u00f3ria da carreira<\/p>\n<p class=\"text\">Em um v\u00eddeo publicado para agradecer o apoio dos f\u00e3s, M\u00e1rio Gomes destacou que n\u00e3o cultiva uma rela\u00e7\u00e3o de depend\u00eancia com o dinheiro. Ele relembrou seus anos de ouro na televis\u00e3o brasileira e a busca pelo reconhecimento profissional acima da remunera\u00e7\u00e3o financeira. &#8220;Estou aqui para agradecer o carinho de voc\u00eas. Estou muito satisfeito de ser uma pessoa desapegada, o dinheiro n\u00e3o faz parte de um desejo infantil. Tudo que eu fiz na vida foi tentando alcan\u00e7ar as flores do Boni, que ele me mandava quando aconteciam aqueles sucessos espetaculares&#8221;, disse ele, referindo-se a Jos\u00e9 Bonif\u00e1cio de Oliveira Sobrinho, o Boni.<\/p>\n<p class=\"text\">Para o ator, o foco sempre esteve na dedica\u00e7\u00e3o \u00e0 arte, o que facilitou o processo de aceita\u00e7\u00e3o ap\u00f3s o roubo. &#8220;O dinheiro sempre foi consequ\u00eancia do trabalho, do esfor\u00e7o, da dedica\u00e7\u00e3o. O meu desapego me salvou&#8221;, enfatizou o artista.<\/p>\n<p>Relato de viol\u00eancia e prote\u00e7\u00e3o \u00e0 fam\u00edlia<\/p>\n<p class=\"text\">O depoimento de M\u00e1rio Gomes tamb\u00e9m trouxe um lado sombrio sobre a atua\u00e7\u00e3o da quadrilha na regi\u00e3o. Ele revelou que os criminosos agiram com extrema crueldade em outras casas, o que o fez perceber que, apesar de tudo, o desfecho em sua resid\u00eancia poderia ter sido muito pior. &#8220;Tem um vizinho aqui na rua que arrancaram a orelha dele. Quando chegaram na minha fam\u00edlia j\u00e1 estavam na ideia dos R$ 50 mil&#8221;, revelou o ator, sugerindo que o foco dos bandidos na quantia em dinheiro evitou que agress\u00f5es f\u00edsicas mais graves fossem cometidas contra seus parentes.<\/p>\n<p class=\"text\">O caso segue sendo acompanhado pelas autoridades do Rio de Janeiro, mas o relato de M\u00e1rio Gomes serve como um alerta sobre a seguran\u00e7a na Barra da Tijuca e um exemplo de supera\u00e7\u00e3o psicol\u00f3gica diante de um trauma familiar t\u00e3o intenso.<\/p>\n<blockquote class=\"instagram-media\" data-instgrm-captioned=\"\" data-instgrm-permalink=\"https:\/\/www.instagram.com\/reel\/DS8cHKVkeAB\/?utm_source=ig_embed&amp;utm_campaign=loading\" data-instgrm-version=\"14\" style=\"background: #FFF; border: 0; border-radius: 3px; box-shadow: 0 0 1px 0 rgba(0,0,0,0.5),0 1px 10px 0 rgba(0,0,0,0.15); margin: 1px; max-width: 540px; min-width: 326px; padding: 0; width: calc(100% - 2px);\">\n<p>     Ver essa foto no Instagram <\/p>\n<p class=\"text\" style=\"color: #c9c8cd; font-family: Arial,sans-serif; font-size: 14px; line-height: 17px; margin-bottom: 0; margin-top: 8px; overflow: hidden; padding: 8px 0 7px; text-align: center; text-overflow: ellipsis; white-space: nowrap;\"><a href=\"https:\/\/www.instagram.com\/reel\/DS8cHKVkeAB\/?utm_source=ig_embed&amp;utm_campaign=loading\" rel=\"noopener nofollow\" style=\"color: #c9c8cd; font-family: Arial,sans-serif; font-size: 14px; font-style: normal; font-weight: normal; line-height: 17px; text-decoration: none;\" target=\"_blank\">Um post compartilhado por M\u00e1rio Gomes (@mariogomes__ator)<\/a><\/p>\n<\/blockquote>\n<p>                            <script async src=\"\/\/www.instagram.com\/embed.js\"><\/script><\/p>\n","protected":false},"excerpt":{"rendered":"Ex-gal\u00e3 da Globo, M\u00e1rio Gomes relembra a invas\u00e3o de sete homens armados e encapuzados em sua casa Por:&hellip;\n","protected":false},"author":2,"featured_media":212985,"comment_status":"","ping_status":"","sticky":false,"template":"","format":"standard","meta":{"footnotes":""},"categories":[145],"tags":[211,210,114,115,32,33],"class_list":{"0":"post-212984","1":"post","2":"type-post","3":"status-publish","4":"format-standard","5":"has-post-thumbnail","7":"category-celebridades","8":"tag-celebridades","9":"tag-celebrities","10":"tag-entertainment","11":"tag-entretenimento","12":"tag-portugal","13":"tag-pt"},"share_on_mastodon":{"url":"https:\/\/pubeurope.com\/@pt\/115829216593153930","error":""},"_links":{"self":[{"href":"https:\/\/www.europesays.com\/pt\/wp-json\/wp\/v2\/posts\/212984","targetHints":{"allow":["GET"]}}],"collection":[{"href":"https:\/\/www.europesays.com\/pt\/wp-json\/wp\/v2\/posts"}],"about":[{"href":"https:\/\/www.europesays.com\/pt\/wp-json\/wp\/v2\/types\/post"}],"author":[{"embeddable":true,"href":"https:\/\/www.europesays.com\/pt\/wp-json\/wp\/v2\/users\/2"}],"replies":[{"embeddable":true,"href":"https:\/\/www.europesays.com\/pt\/wp-json\/wp\/v2\/comments?post=212984"}],"version-history":[{"count":0,"href":"https:\/\/www.europesays.com\/pt\/wp-json\/wp\/v2\/posts\/212984\/revisions"}],"wp:featuredmedia":[{"embeddable":true,"href":"https:\/\/www.europesays.com\/pt\/wp-json\/wp\/v2\/media\/212985"}],"wp:attachment":[{"href":"https:\/\/www.europesays.com\/pt\/wp-json\/wp\/v2\/media?parent=212984"}],"wp:term":[{"taxonomy":"category","embeddable":true,"href":"https:\/\/www.europesays.com\/pt\/wp-json\/wp\/v2\/categories?post=212984"},{"taxonomy":"post_tag","embeddable":true,"href":"https:\/\/www.europesays.com\/pt\/wp-json\/wp\/v2\/tags?post=212984"}],"curies":[{"name":"wp","href":"https:\/\/api.w.org\/{rel}","templated":true}]}}