{"id":212986,"date":"2026-01-03T04:14:07","date_gmt":"2026-01-03T04:14:07","guid":{"rendered":"https:\/\/www.europesays.com\/pt\/212986\/"},"modified":"2026-01-03T04:14:07","modified_gmt":"2026-01-03T04:14:07","slug":"terra-forte-babi-descobre-toda-a-verdade-sobre-armando-novelas","status":"publish","type":"post","link":"https:\/\/www.europesays.com\/pt\/212986\/","title":{"rendered":"Terra Forte: Babi descobre toda a verdade sobre Armando &#8211; Novelas"},"content":{"rendered":"<p>Em \u00abTerra Forte\u00bb, Babi (Melissa Matos), Eva (Josefine Winkler) e Vini (Gustavo Alves) contam a Armando (Ricardo Carri\u00e7o) que foram expulsos de casa por Marcus (V\u00edtor Hugo) por o terem confrontado por ele ter uma amante h\u00e1 mais de dez anos, e a situa\u00e7\u00e3o descontrolou-se e ele meteu-os fora de casa. Armando, pensativo, diz que talvez os possa ajudar. Vini diz a Eva que Armando \u00e9 o dono da Super Luso.<\/p>\n","protected":false},"excerpt":{"rendered":"Em \u00abTerra Forte\u00bb, Babi (Melissa Matos), Eva (Josefine Winkler) e Vini (Gustavo Alves) contam a Armando (Ricardo Carri\u00e7o)&hellip;\n","protected":false},"author":2,"featured_media":212987,"comment_status":"","ping_status":"","sticky":false,"template":"","format":"standard","meta":{"footnotes":""},"categories":[142],"tags":[160,166,114,115,157,167,164,2931,161,158,165,159,32,33,156,18614,163,151,162],"class_list":{"0":"post-212986","1":"post","2":"type-post","3":"status-publish","4":"format-standard","5":"has-post-thumbnail","7":"category-tv","8":"tag-ana-guiomar","9":"tag-cristina-ferreira","10":"tag-entertainment","11":"tag-entretenimento","12":"tag-festa-e-festa","13":"tag-ficcao","14":"tag-jose-fidalgo","15":"tag-novela","16":"tag-novelas","17":"tag-para-sempre","18":"tag-pedro-sousa","19":"tag-pedro-teixeira","20":"tag-portugal","21":"tag-pt","22":"tag-queridos-papas","23":"tag-terra-forte","24":"tag-tiago-teotonio-pereira","25":"tag-tv","26":"tag-tvi"},"share_on_mastodon":{"url":"https:\/\/pubeurope.com\/@pt\/115829228352074731","error":""},"_links":{"self":[{"href":"https:\/\/www.europesays.com\/pt\/wp-json\/wp\/v2\/posts\/212986","targetHints":{"allow":["GET"]}}],"collection":[{"href":"https:\/\/www.europesays.com\/pt\/wp-json\/wp\/v2\/posts"}],"about":[{"href":"https:\/\/www.europesays.com\/pt\/wp-json\/wp\/v2\/types\/post"}],"author":[{"embeddable":true,"href":"https:\/\/www.europesays.com\/pt\/wp-json\/wp\/v2\/users\/2"}],"replies":[{"embeddable":true,"href":"https:\/\/www.europesays.com\/pt\/wp-json\/wp\/v2\/comments?post=212986"}],"version-history":[{"count":0,"href":"https:\/\/www.europesays.com\/pt\/wp-json\/wp\/v2\/posts\/212986\/revisions"}],"wp:featuredmedia":[{"embeddable":true,"href":"https:\/\/www.europesays.com\/pt\/wp-json\/wp\/v2\/media\/212987"}],"wp:attachment":[{"href":"https:\/\/www.europesays.com\/pt\/wp-json\/wp\/v2\/media?parent=212986"}],"wp:term":[{"taxonomy":"category","embeddable":true,"href":"https:\/\/www.europesays.com\/pt\/wp-json\/wp\/v2\/categories?post=212986"},{"taxonomy":"post_tag","embeddable":true,"href":"https:\/\/www.europesays.com\/pt\/wp-json\/wp\/v2\/tags?post=212986"}],"curies":[{"name":"wp","href":"https:\/\/api.w.org\/{rel}","templated":true}]}}