{"id":213000,"date":"2026-01-03T04:40:17","date_gmt":"2026-01-03T04:40:17","guid":{"rendered":"https:\/\/www.europesays.com\/pt\/213000\/"},"modified":"2026-01-03T04:40:17","modified_gmt":"2026-01-03T04:40:17","slug":"mario-gomes-volta-a-desabafar-apos-assalto-desapego","status":"publish","type":"post","link":"https:\/\/www.europesays.com\/pt\/213000\/","title":{"rendered":"M\u00e1rio Gomes volta a desabafar ap\u00f3s assalto: &#8220;Desapego&#8221;"},"content":{"rendered":"<p>O ator <a href=\"https:\/\/natelinha.uol.com.br\/famosos\/tudo-sobre\/mario-gomes\" rel=\"nofollow noopener\" target=\"_blank\">M\u00e1rio Gomes<\/a> voltou a falar\u00a0do assalto do qual ele e a fam\u00edlia foram v\u00edtimas no dia 5 de dezembro. Na ocasi\u00e3o, sete homens armados e encapuzados invadiram a resid\u00eancia do ex-global, na Barra da Tijuca, no Rio de Janeiro, e levaram a quantia de R$ 50 mil.<\/p>\n<p>&#8220;Estou aqui para agradecer o carinho de voc\u00eas. Estou muito satisfeito de ser uma pessoa desapegada, o dinheiro n\u00e3o faz parte de um desejo infantil. Tudo que eu fiz na vida foi tentando alcan\u00e7ar as flores do Boni, que ele me mandava quando aconteciam aqueles sucessos espetaculares&#8221;,\u00a0disse o artista, citando Jos\u00e9 Bonif\u00e1cio de Oliveira Sobrinho, o Boni, ex-chef\u00e3o da TV Globo.<\/p>\n<p>+ <a href=\"https:\/\/natelinha.uol.com.br\/famosos\/2026\/01\/02\/laura-fernandez-desabafa-apos-primeiro-reveillon-sem-preta-gil-236021.php\" rel=\"nofollow noopener\" target=\"_blank\">Laura Fernandez desabafa ap\u00f3s primeiro R\u00e9veillon sem Preta Gil<\/a><\/p>\n<p>continua depois da publicidade<\/p>\n<p>+ <a href=\"https:\/\/natelinha.uol.com.br\/novelas\/2026\/01\/02\/elisa-lucinda-fala-sobre-coracao-acelerado-e-admite-pouca-intimidade-com-o-sertanejo-236002.php\" rel=\"nofollow noopener\" target=\"_blank\">Elisa Lucinda fala sobre Cora\u00e7\u00e3o Acelerado e admite pouca intimidade com o sertanejo<\/a><\/p>\n<p>&#8220;O dinheiro sempre foi consequ\u00eancia do trabalho, do esfor\u00e7o, da dedica\u00e7\u00e3o. O meu desapego me salvou. Tem um vizinho aqui na rua que arrancaram a orelha dele. Quando chegaram na minha fam\u00edlia j\u00e1 estavam na ideia dos R$ 50 mil&#8221;,\u00a0revelou M\u00e1rio Gomes.<\/p>\n<p>M\u00e1rio Gomes pede ajuda a f\u00e3s nas redes sociais<\/p>\n<p><img decoding=\"async\" loading=\"lazy\" class=\"horizontal\" src=\"https:\/\/www.europesays.com\/pt\/wp-content\/uploads\/2026\/01\/mario-gomes_2569.jpeg\" alt=\"M\u00e1rio Gomes volta a desabafar ap\u00f3s assalto: \\\" desapego=\"\"\/><\/p>\n<p>No \u00faltimo domingo (28), M\u00e1rio Gomes publicou um v\u00eddeo no qual disse estar sem dinheiro e comida e passando por necessidade. O ator de 72 anos chegou a divulgar uma chave Pix para quem pudesse ajud\u00e1-lo.<\/p>\n<p>&#8220;Perdi minha casa ano passado de forma desonesta. Essa ano perdi todo o meu dinheiro, achei que ia dar. Tenho recebido sugest\u00f5es de seguidores falando para eu fazer uma vaquinha. Eu relutei muito, mas acabei cedendo e estou fazendo uma vaquinha: qualquer valor vai me ajudar muito. Est\u00e3o faltando as coisas para comer. Quem puder ajuda, ficarei muito grato&#8221;, explicou M\u00e1rio.<\/p>\n<p>continua depois da publicidade<\/p>\n","protected":false},"excerpt":{"rendered":"O ator M\u00e1rio Gomes voltou a falar\u00a0do assalto do qual ele e a fam\u00edlia foram v\u00edtimas no dia&hellip;\n","protected":false},"author":2,"featured_media":213001,"comment_status":"","ping_status":"","sticky":false,"template":"","format":"standard","meta":{"footnotes":""},"categories":[145],"tags":[211,210,114,115,229,32,33],"class_list":{"0":"post-213000","1":"post","2":"type-post","3":"status-publish","4":"format-standard","5":"has-post-thumbnail","7":"category-celebridades","8":"tag-celebridades","9":"tag-celebrities","10":"tag-entertainment","11":"tag-entretenimento","12":"tag-mario-gomes","13":"tag-portugal","14":"tag-pt"},"share_on_mastodon":{"url":"https:\/\/pubeurope.com\/@pt\/115829330604055665","error":""},"_links":{"self":[{"href":"https:\/\/www.europesays.com\/pt\/wp-json\/wp\/v2\/posts\/213000","targetHints":{"allow":["GET"]}}],"collection":[{"href":"https:\/\/www.europesays.com\/pt\/wp-json\/wp\/v2\/posts"}],"about":[{"href":"https:\/\/www.europesays.com\/pt\/wp-json\/wp\/v2\/types\/post"}],"author":[{"embeddable":true,"href":"https:\/\/www.europesays.com\/pt\/wp-json\/wp\/v2\/users\/2"}],"replies":[{"embeddable":true,"href":"https:\/\/www.europesays.com\/pt\/wp-json\/wp\/v2\/comments?post=213000"}],"version-history":[{"count":0,"href":"https:\/\/www.europesays.com\/pt\/wp-json\/wp\/v2\/posts\/213000\/revisions"}],"wp:featuredmedia":[{"embeddable":true,"href":"https:\/\/www.europesays.com\/pt\/wp-json\/wp\/v2\/media\/213001"}],"wp:attachment":[{"href":"https:\/\/www.europesays.com\/pt\/wp-json\/wp\/v2\/media?parent=213000"}],"wp:term":[{"taxonomy":"category","embeddable":true,"href":"https:\/\/www.europesays.com\/pt\/wp-json\/wp\/v2\/categories?post=213000"},{"taxonomy":"post_tag","embeddable":true,"href":"https:\/\/www.europesays.com\/pt\/wp-json\/wp\/v2\/tags?post=213000"}],"curies":[{"name":"wp","href":"https:\/\/api.w.org\/{rel}","templated":true}]}}