{"id":213011,"date":"2026-01-03T04:58:13","date_gmt":"2026-01-03T04:58:13","guid":{"rendered":"https:\/\/www.europesays.com\/pt\/213011\/"},"modified":"2026-01-03T04:58:13","modified_gmt":"2026-01-03T04:58:13","slug":"ex-chefao-do-sbt-na-jovem-pan-canal-d","status":"publish","type":"post","link":"https:\/\/www.europesays.com\/pt\/213011\/","title":{"rendered":"Ex-chef\u00e3o do SBT na Jovem Pan | Canal D"},"content":{"rendered":"<p>                                        Rinaldi Faria &#8211; Divulga\u00e7\u00e3o\/Jovem Pan<\/p>\n<p class=\"content-media__description\">Rinaldi FariaDivulga\u00e7\u00e3o\/Jovem Pan<\/p>\n<p>                            Publicado 02\/01\/2026 00:00\n                    <\/p>\n<p>Rinaldi Faria est\u00e1 de volta ao mercado televisivo. Contrariando uma pr\u00e1tica habitual de mercado, o SBT n\u00e3o aplicou uma cl\u00e1usula de no-compete ao seu outrora principal executivo do SBT, que anunciou ontem que fechou uma parceria com a Jovem Pan. A Rede Mais Fam\u00edlia, que faz parte do line-up de televis\u00e3o aberta nas principais metr\u00f3poles do pa\u00eds, passar\u00e1 a transmitir a programa\u00e7\u00e3o do canal da fam\u00edlia Amaral de Carvalho j\u00e1 a partir do dia 7 &#8211; a emissora, vale lembrar, seria utilizada para transmitir o \u2018SBT News\u2019, que ficou restrito ao digital e a TV por assinatura.<\/p>\n<p><strong>O dono da bola<\/strong><\/p>\n<p>Faria, que durante um ano foi respons\u00e1vel por todas as estrat\u00e9gias do SBT, ter\u00e1 papel semelhante na Jovem Pan TV &#8211; a opera\u00e7\u00e3o aberta do conglomerado n\u00e3o ter\u00e1 a palavra &#8220;news&#8221; em seu nome. O executivo, mais conhecido pelo papel de CEO no Grupo Patati Patat\u00e1, ter\u00e1 um papel consultivo na programa\u00e7\u00e3o da emissora, segundo apurou a <strong>Canal D<\/strong>. A transa\u00e7\u00e3o de arrendamento da Rede Mais Fam\u00edlia, conste-se, \u00e9 v\u00e1lida por ao menos 2 anos e render\u00e1 alguns milh\u00f5es por m\u00eas ao empres\u00e1rio.<\/p>\n<p><strong>Mais Jo\u00e3o Kleber<\/strong><\/p>\n<p>                                                Jo\u00e3o Kleber &#8211; Reprodu\u00e7\u00e3o\/RedeTV!<\/p>\n<p class=\"content-media__description\">Jo\u00e3o KleberReprodu\u00e7\u00e3o\/RedeTV!<\/p>\n<p>                                        A RedeTV! decidiu ampliar o espa\u00e7o de Jo\u00e3o Kleber em sua programa\u00e7\u00e3o. Neste m\u00eas, j\u00e1 a partir da pr\u00f3xima semana, al\u00e9m do di\u00e1rio \u2018Madrugada Animada\u2019 e do dominical \u2018Para Aqui!\u2019, ele estar\u00e1 nas noites de quinta-feira, ocupando o espa\u00e7o de uma das reprises do \u2018Opera\u00e7\u00e3o de Risco\u2019. Um dos quadros da atra\u00e7\u00e3o, que tamb\u00e9m se chamar\u00e1 \u2018Para Aqui!\u2019, \u00e9 o \u2018Teste de Fidelidade\u2019.<\/p>\n<p><strong>O mist\u00e9rio do &#8216;Aqui Agora&#8217;<\/strong><\/p>\n<p>                                                Aqui Agora &#8211; Reprodu\u00e7\u00e3o\/SBT<\/p>\n<p class=\"content-media__description\">Aqui AgoraReprodu\u00e7\u00e3o\/SBT<\/p>\n<p>Tido como morto at\u00e9 por v\u00e1rios executivos do SBT h\u00e1 meses, o \u2018Aqui Agora\u2019 conseguiu chegar a 2026. Mesmo com audi\u00eancia muito ruins e dando preju\u00edzo aos cofres da rede, o noticioso \u00e9 uma obsess\u00e3o de Mauro Lissoni, que continua defendendo o projeto com unhas e dentes. A m\u00e1-fase de Cora\u00e7\u00e3o Indom\u00e1vel, que voltou a perder para o \u2018Brasil Urgente\u2019, tamb\u00e9m pesa a favor do jornal na balan\u00e7a.<\/p>\n<p><strong>\u00c9 POP OU FLOP?<\/strong><\/p>\n<p><strong>\u00c9 pop&#8230;<\/strong> a despedida de Ticiane Pinheiro do \u2018Hoje em Dia\u2019 (e da Record). Contrariando a l\u00f3gica hist\u00f3rica de que funcion\u00e1rios n\u00e3o merecem despedidas, a apresentadora ganhou uma extensa homenagem da emissora no programa matinal e em suas redes sociais. Ficou ainda mais escancarado que as portas da emissora seguem escancaradas para ela.<\/p>\n<p><strong>\u00c9 flop&#8230;<\/strong> a constrangedora cobertura da virada do ano no \u2018SBT News\u2019. Enquanto todos os demais canais de not\u00edcias controlados por TVs abertas transmitiam a queima de fogos, a rec\u00e9m-lan\u00e7ada rede reapresentava um jornal exibido \u00e0s 18h. O desleixo \u00e9 tanto que o tal jornal foi majoritariamente ocupado por reportagens sobre o planejamento da virada do ano nas regi\u00f5es.<\/p>\n","protected":false},"excerpt":{"rendered":"Rinaldi Faria &#8211; Divulga\u00e7\u00e3o\/Jovem Pan Rinaldi FariaDivulga\u00e7\u00e3o\/Jovem Pan Publicado 02\/01\/2026 00:00 Rinaldi Faria est\u00e1 de volta ao mercado&hellip;\n","protected":false},"author":2,"featured_media":213012,"comment_status":"","ping_status":"","sticky":false,"template":"","format":"standard","meta":{"footnotes":""},"categories":[141],"tags":[41664,114,115,149,150,32,33],"class_list":{"0":"post-213011","1":"post","2":"type-post","3":"status-publish","4":"format-standard","5":"has-post-thumbnail","7":"category-musica","8":"tag-canal-d","9":"tag-entertainment","10":"tag-entretenimento","11":"tag-music","12":"tag-musica","13":"tag-portugal","14":"tag-pt"},"share_on_mastodon":{"url":"https:\/\/pubeurope.com\/@pt\/115829401359578251","error":""},"_links":{"self":[{"href":"https:\/\/www.europesays.com\/pt\/wp-json\/wp\/v2\/posts\/213011","targetHints":{"allow":["GET"]}}],"collection":[{"href":"https:\/\/www.europesays.com\/pt\/wp-json\/wp\/v2\/posts"}],"about":[{"href":"https:\/\/www.europesays.com\/pt\/wp-json\/wp\/v2\/types\/post"}],"author":[{"embeddable":true,"href":"https:\/\/www.europesays.com\/pt\/wp-json\/wp\/v2\/users\/2"}],"replies":[{"embeddable":true,"href":"https:\/\/www.europesays.com\/pt\/wp-json\/wp\/v2\/comments?post=213011"}],"version-history":[{"count":0,"href":"https:\/\/www.europesays.com\/pt\/wp-json\/wp\/v2\/posts\/213011\/revisions"}],"wp:featuredmedia":[{"embeddable":true,"href":"https:\/\/www.europesays.com\/pt\/wp-json\/wp\/v2\/media\/213012"}],"wp:attachment":[{"href":"https:\/\/www.europesays.com\/pt\/wp-json\/wp\/v2\/media?parent=213011"}],"wp:term":[{"taxonomy":"category","embeddable":true,"href":"https:\/\/www.europesays.com\/pt\/wp-json\/wp\/v2\/categories?post=213011"},{"taxonomy":"post_tag","embeddable":true,"href":"https:\/\/www.europesays.com\/pt\/wp-json\/wp\/v2\/tags?post=213011"}],"curies":[{"name":"wp","href":"https:\/\/api.w.org\/{rel}","templated":true}]}}