{"id":213013,"date":"2026-01-03T05:00:17","date_gmt":"2026-01-03T05:00:17","guid":{"rendered":"https:\/\/www.europesays.com\/pt\/213013\/"},"modified":"2026-01-03T05:00:17","modified_gmt":"2026-01-03T05:00:17","slug":"saiba-quem-sao-os-jogadores-da-liga-que-podem-assinar-a-custo-zero-a-partir-de-hoje","status":"publish","type":"post","link":"https:\/\/www.europesays.com\/pt\/213013\/","title":{"rendered":"Saiba quem s\u00e3o os jogadores da Liga que podem assinar a custo zero a partir de hoje"},"content":{"rendered":"<p data-remotead-prev-elm=\"true\" data-remotead-elm-id=\"inread\">H\u00e1 81 jogadores entre os 18 clubes da Liga que a partir de hoje entram nos \u00faltimos seis meses de contrato e, por isso, passam a estar livres para negociar novos v\u00ednculos com outros emblemas. Os principais clubes, no entanto, est\u00e3o entre os que est\u00e3o mais a salvo de perder jogadores a custo zero, embora Benfica, Sporting e Braga corram o risco de terem que deixar sair figuras importantes. Entre os futebolistas da Liga portuguesa em fim de contrato est\u00e3o o benfiquista Otamendi, o sportinguista Morita e o braguista Jo\u00e3o Moutinho.<\/p>\n","protected":false},"excerpt":{"rendered":"H\u00e1 81 jogadores entre os 18 clubes da Liga que a partir de hoje entram nos \u00faltimos seis&hellip;\n","protected":false},"author":2,"featured_media":213014,"comment_status":"","ping_status":"","sticky":false,"template":"","format":"standard","meta":{"footnotes":""},"categories":[87],"tags":[51,135,281,17785,32,33,134],"class_list":{"0":"post-213013","1":"post","2":"type-post","3":"status-publish","4":"format-standard","5":"has-post-thumbnail","7":"category-desporto","8":"tag-benfica","9":"tag-desporto","10":"tag-i-liga","11":"tag-otamendi","12":"tag-portugal","13":"tag-pt","14":"tag-sports"},"share_on_mastodon":{"url":"https:\/\/pubeurope.com\/@pt\/115829409225534220","error":""},"_links":{"self":[{"href":"https:\/\/www.europesays.com\/pt\/wp-json\/wp\/v2\/posts\/213013","targetHints":{"allow":["GET"]}}],"collection":[{"href":"https:\/\/www.europesays.com\/pt\/wp-json\/wp\/v2\/posts"}],"about":[{"href":"https:\/\/www.europesays.com\/pt\/wp-json\/wp\/v2\/types\/post"}],"author":[{"embeddable":true,"href":"https:\/\/www.europesays.com\/pt\/wp-json\/wp\/v2\/users\/2"}],"replies":[{"embeddable":true,"href":"https:\/\/www.europesays.com\/pt\/wp-json\/wp\/v2\/comments?post=213013"}],"version-history":[{"count":0,"href":"https:\/\/www.europesays.com\/pt\/wp-json\/wp\/v2\/posts\/213013\/revisions"}],"wp:featuredmedia":[{"embeddable":true,"href":"https:\/\/www.europesays.com\/pt\/wp-json\/wp\/v2\/media\/213014"}],"wp:attachment":[{"href":"https:\/\/www.europesays.com\/pt\/wp-json\/wp\/v2\/media?parent=213013"}],"wp:term":[{"taxonomy":"category","embeddable":true,"href":"https:\/\/www.europesays.com\/pt\/wp-json\/wp\/v2\/categories?post=213013"},{"taxonomy":"post_tag","embeddable":true,"href":"https:\/\/www.europesays.com\/pt\/wp-json\/wp\/v2\/tags?post=213013"}],"curies":[{"name":"wp","href":"https:\/\/api.w.org\/{rel}","templated":true}]}}