{"id":213031,"date":"2026-01-03T05:37:14","date_gmt":"2026-01-03T05:37:14","guid":{"rendered":"https:\/\/www.europesays.com\/pt\/213031\/"},"modified":"2026-01-03T05:37:14","modified_gmt":"2026-01-03T05:37:14","slug":"viih-tube-exibe-a-mao-do-filho-sem-curativo-apos-queimadura-e-cirurgia","status":"publish","type":"post","link":"https:\/\/www.europesays.com\/pt\/213031\/","title":{"rendered":"Viih Tube exibe a m\u00e3o do filho sem curativo ap\u00f3s queimadura e cirurgia"},"content":{"rendered":"<p>A influenciadora digital <a href=\"https:\/\/caras.com.br\/tags\/viih-tube\" rel=\"nofollow noopener\" target=\"_blank\"><strong>Viih Tube<\/strong><\/a> exibiu uma foto in\u00e9dita de como ficou a m\u00e3o do filho, <strong>Ravi<\/strong>, de 1 ano, ap\u00f3s acidente dom\u00e9stico. Pouco antes do Natal, o menino deu um grande susto nos pais ao <a href=\"https:\/\/caras.com.br\/bebe\/filho-de-viih-tube-e-eliezer-e-internado-e-passa-por-cirurgia-saiba-o-que-aconteceu.phtml\" rel=\"nofollow noopener\" target=\"_blank\">sofrer uma queimadura na m\u00e3o<\/a>. Ele precisou ser levado para o centro cir\u00fargico para remover a pele queimada e realizar o curativo adequado. Agora, ele j\u00e1 est\u00e1 em recupera\u00e7\u00e3o e a m\u00e3e mostrou como est\u00e1 a cicatriza\u00e7\u00e3o do local.<\/p>\n<p>Nesta sexta-feira, 2, Viih Tube tirou o curativo da m\u00e3o do filho e aproveitou para fazer uma foto para as redes sociais. Na imagem, ela mostrou a palma da m\u00e3o dele j\u00e1 cicatrizando ap\u00f3s a queimadura, que deixou bolhas no local.<\/p>\n<p>A fam\u00edlia est\u00e1 nos Estados Unidos para uma viagem de f\u00e9rias e os pais levam o menino ao m\u00e9dico sempre que precisam refazer o curativo. \u201cM\u00e3ozinha do Ravi j\u00e1 est\u00e1 muito melhor. Estamos trocando aqui na viagem com m\u00e9dicos daqui tamb\u00e9m\u201d, afirmou ela.<\/p>\n<p> <img loading=\"lazy\" decoding=\"async\" class=\"wp-image-1052380 size-full img-fluid lazy\" alt=\"Viih Tube mostra a cicatriza\u00e7\u00e3o da m\u00e3o do filho - Foto: Reprodu\u00e7\u00e3o \/ Instagram\" width=\"770\" height=\"1364\" src=\"https:\/\/www.europesays.com\/pt\/wp-content\/uploads\/2026\/01\/post-de-viih-tube.jpg\"  \/>Viih Tube mostra a cicatriza\u00e7\u00e3o da m\u00e3o do filho \u2013 Foto: Reprodu\u00e7\u00e3o \/ Instagram O que aconteceu com Ravi? <\/p>\n<p>O acidente dom\u00e9stico de Ravi, filho de Viih Tube e Eliezer, aconteceu poucos dias antes do Natal. O menino fez um passeio de buggy pelo condom\u00ednio com a bab\u00e1 e, quando estacionaram em casa, ele encostou a m\u00e3o no motor do ve\u00edculo em um gesto r\u00e1pido. Como o motor estava quente, ele sofreu uma queimadura e foi levado \u00e0s pressas ao hospital.<\/p>\n<p>Por causa das bolhas na m\u00e3o dele, Ravi passou por uma cirurgia para que os m\u00e9dicos pudessem fazer o curativo adequado. Ele ficou apenas um dia no hospital e est\u00e1 usando um curativo na m\u00e3o desde ent\u00e3o.<\/p>\n<p> Viih Tube n\u00e3o estava na hora do acidente <\/p>\n<p>\u201cEu n\u00e3o estava na hora. Ele estava com a bab\u00e1, tinham acabado de andar de buggy. O buggy j\u00e1 estava desligado, ele foi correr para abra\u00e7ar o Eli de bom dia e demonstrou que queria andar de novo com o Eli correndo e colocando direto a m\u00e3o no motor\u201c, explicou o que houve.<\/p>\n<p>\u201cO Eli nem sabia que estava quente, porque nem sabia que eles tinham acabado de usar, e foi t\u00e3o r\u00e1pido que n\u00e3o deu tempo da bab\u00e1 dele impedir\u201d, comentou como o epis\u00f3dio foi em segundos.<\/p>\n<p>\u201cEsse tipo de coisas com crian\u00e7as realmente acontecem muito r\u00e1pido! Falei para o Eli e para bab\u00e1, para n\u00e3o se culparem, n\u00e3o adianta nada. J\u00e1 vai passar! E honestamente ser m\u00e3e de menino est\u00e1 sendo bem mais radical\u201d, falou sobre a experi\u00eancia com Ravi.<\/p>\n<p>Ela compartilhou a experi\u00eancia para ajudar outras pessoas a saberem como fazer em uma situa\u00e7\u00e3o com queimadura com crian\u00e7a. \u201c\u00c1gua fria corrente na torneira; manter a m\u00e3ozinha na \u00e1gua fria para aliviar a dor at\u00e9 chegar no hospital (colocamos nessas garrafas t\u00e9rmicas mesmo); medicar analg\u00e9sico e anti flamat\u00f3rio que a pediatra passou na hora\u201d, detalhou.<\/p>\n<p>Ao voltar ao hospital, ap\u00f3s um ano do filho ficar internado, Viih Tube fez um desabafo. \u201cComemoramos ontem que fazia um ano que ele tinha tido alta e hoje internou no mesmo hospital, na mesma UTI porque colocou a m\u00e3o no motor de buggy e teve uma queimadura de segundo grau\u201d, contou a influenciadora.<\/p>\n<p>A ex-BBB ent\u00e3o postou como foi depois do herdeiro passar por mais um momento anestesiado. \u201cVoltamos hoje para um segundo procedimento de desbridamento + limpeza\u201d, escreveu ao exibir o pequeno no colo do pai. \u201cFez novamente anestesiado, porque, para um beb\u00ea de um ano, sem entender o que est\u00e1 acontecendo, acaba sendo ainda mais traumatizante al\u00e9m de doloroso\u201d, explicou ela.<\/p>\n<p>Viih Tube ent\u00e3o desabafou ao ver Ravi novamente no hospital. \u201cE o cora\u00e7\u00e3o da m\u00e3e na espera sempre sai pela boca mesmo sendo um simples procedimento de 30 minutos\u201d, comentou ela.<\/p>\n<p><img loading=\"lazy\" decoding=\"async\" class=\"size-full wp-image-1048507 img-fluid lazy\" alt=\"Viih Tube explica acidente do filho\" width=\"1080\" height=\"1884\" src=\"https:\/\/www.europesays.com\/pt\/wp-content\/uploads\/2026\/01\/viih-tube-explica-acidente-filho.jpg\"  \/><\/p>\n<p><img loading=\"lazy\" decoding=\"async\" class=\"size-full wp-image-1049454 img-fluid lazy\" alt=\"Filho de Viih Tube passa por novo procedimento no hospital\" width=\"1080\" height=\"1798\" src=\"https:\/\/www.europesays.com\/pt\/wp-content\/uploads\/2026\/01\/filho-viih-tube-queimadura.jpg\"  \/><\/p>\n<p><strong>Leia tamb\u00e9m<\/strong>: <a href=\"https:\/\/caras.com.br\/viagem\/eliezer-e-viih-tube-compartilham-detalhes-de-viagem-em-familia.phtml\" rel=\"nofollow noopener\" target=\"_blank\">Eliezer e Viih Tube compartilham detalhes de viagem em fam\u00edlia<\/a><\/p>\n<p>        <a href=\"https:\/\/caras.com.br\/autor\/priscilla-comoti\" rel=\"nofollow noopener\" target=\"_blank\">&#13;<br \/>\n          <img alt=\"Priscilla Comoti\" src=\"https:\/\/www.europesays.com\/pt\/wp-content\/uploads\/2026\/01\/1767418634_224_e53883bdf02c542f6517b68879e8cb08b27a1d55c4dfd53577e47d3ab6331a06.png\"  class=\"avatar avatar-115 photo rounded-circle mr-3\" height=\"115\" width=\"115\" loading=\"lazy\" decoding=\"async\"\/>        <\/a><\/p>\n<p>Priscilla Comoti \u00e9 editora de conte\u00fado do site CARAS. Ela \u00e9 formada em jornalismo e em audiovisual, j\u00e1 passou pelos sites Contigo!, Minha Novela, TiTiTi, Mais Novela e Portal M\u00e1rcia Piovesan. Escreve sobre celebridades, not\u00edcias sobre a fam\u00edlia real brit\u00e2nica, TV, reality show e novelas.<\/p>\n","protected":false},"excerpt":{"rendered":"A influenciadora digital Viih Tube exibiu uma foto in\u00e9dita de como ficou a m\u00e3o do filho, Ravi, de&hellip;\n","protected":false},"author":2,"featured_media":213032,"comment_status":"","ping_status":"","sticky":false,"template":"","format":"standard","meta":{"footnotes":""},"categories":[145],"tags":[211,210,114,115,41666,32,33,5654,12756],"class_list":{"0":"post-213031","1":"post","2":"type-post","3":"status-publish","4":"format-standard","5":"has-post-thumbnail","7":"category-celebridades","8":"tag-celebridades","9":"tag-celebrities","10":"tag-entertainment","11":"tag-entretenimento","12":"tag-filho-de-viih-tube-e-eliezer","13":"tag-portugal","14":"tag-pt","15":"tag-ravi","16":"tag-viih-tube"},"share_on_mastodon":{"url":"https:\/\/pubeurope.com\/@pt\/115829554802270640","error":""},"_links":{"self":[{"href":"https:\/\/www.europesays.com\/pt\/wp-json\/wp\/v2\/posts\/213031","targetHints":{"allow":["GET"]}}],"collection":[{"href":"https:\/\/www.europesays.com\/pt\/wp-json\/wp\/v2\/posts"}],"about":[{"href":"https:\/\/www.europesays.com\/pt\/wp-json\/wp\/v2\/types\/post"}],"author":[{"embeddable":true,"href":"https:\/\/www.europesays.com\/pt\/wp-json\/wp\/v2\/users\/2"}],"replies":[{"embeddable":true,"href":"https:\/\/www.europesays.com\/pt\/wp-json\/wp\/v2\/comments?post=213031"}],"version-history":[{"count":0,"href":"https:\/\/www.europesays.com\/pt\/wp-json\/wp\/v2\/posts\/213031\/revisions"}],"wp:featuredmedia":[{"embeddable":true,"href":"https:\/\/www.europesays.com\/pt\/wp-json\/wp\/v2\/media\/213032"}],"wp:attachment":[{"href":"https:\/\/www.europesays.com\/pt\/wp-json\/wp\/v2\/media?parent=213031"}],"wp:term":[{"taxonomy":"category","embeddable":true,"href":"https:\/\/www.europesays.com\/pt\/wp-json\/wp\/v2\/categories?post=213031"},{"taxonomy":"post_tag","embeddable":true,"href":"https:\/\/www.europesays.com\/pt\/wp-json\/wp\/v2\/tags?post=213031"}],"curies":[{"name":"wp","href":"https:\/\/api.w.org\/{rel}","templated":true}]}}