{"id":213035,"date":"2026-01-03T05:44:13","date_gmt":"2026-01-03T05:44:13","guid":{"rendered":"https:\/\/www.europesays.com\/pt\/213035\/"},"modified":"2026-01-03T05:44:13","modified_gmt":"2026-01-03T05:44:13","slug":"alimentos-que-causam-gases-e-provocam-desconforto-abdominal-mesmo-em-pessoas-saudaveis","status":"publish","type":"post","link":"https:\/\/www.europesays.com\/pt\/213035\/","title":{"rendered":"Alimentos que causam gases e provocam desconforto abdominal mesmo em pessoas saud\u00e1veis"},"content":{"rendered":"<p>Gases e incha\u00e7o abdominal afetam grande parte da popula\u00e7\u00e3o e est\u00e3o ligados \u00e0 <strong>m\u00e1 digest\u00e3o de certos carboidratos<\/strong>, \u00e0 <strong>fermenta\u00e7\u00e3o intestinal excessiva<\/strong> e ao desconforto que surge ap\u00f3s as refei\u00e7\u00f5es. A sensa\u00e7\u00e3o de barriga estufada, flatos intensos e altera\u00e7\u00f5es intestinais costuma aparecer sem causa aparente, mas segue um padr\u00e3o alimentar espec\u00edfico que muitas pessoas ignoram.<\/p>\n<p>O que est\u00e1 por tr\u00e1s dos alimentos que causam gases<\/p>\n<p>Os <a href=\"https:\/\/medigest.com.br\/dieta-com-baixo-teor-de-fodmaps\/\" target=\"_blank\" rel=\"noreferrer noopener nofollow\">FODMAPs <\/a>s\u00e3o carboidratos ferment\u00e1veis e mal absorvidos pelo intestino delgado. Quando chegam ao intestino grosso, passam a ser fermentados pelas bact\u00e9rias, produzindo gases e distens\u00e3o abdominal.<\/p>\n<p>Esse mecanismo explica por que os sintomas costumam piorar logo ap\u00f3s as refei\u00e7\u00f5es, com barriga tensa, desconforto f\u00edsico e impacto na concentra\u00e7\u00e3o. Medicamentos como a simeticona aliviam momentaneamente, mas n\u00e3o atuam na causa do problema.<\/p>\n<p>Como identificar alimentos que causam gases no dia a dia<\/p>\n<p>A <a href=\"https:\/\/www.tupi.fm\/saude\/o-que-acontece-se-voce-comer-brocolis-com-frequencia-e-por-que-pode-surpreender-quem-evita-esse-alimento\/\" target=\"_blank\" rel=\"noreferrer noopener nofollow\">rea\u00e7\u00e3o aos alimentos<\/a> ferment\u00e1veis varia conforme a microbiota intestinal e a capacidade digestiva individual. Um alimento comum pode ser bem tolerado por algumas pessoas e causar desconforto intenso em outras.<\/p>\n<p>A observa\u00e7\u00e3o dos sintomas ap\u00f3s o consumo \u00e9 fundamental para identificar padr\u00f5es. A retirada tempor\u00e1ria e controlada permite reconhecer quais itens agravam o quadro e precisam de ajuste.<\/p>\n<p><img loading=\"lazy\" decoding=\"async\" width=\"1024\" height=\"576\" src=\"data:image\/svg+xml,%3Csvg%20xmlns=\" http:=\"\" alt=\"Alimentos que causam gases e provocam desconforto abdominal mesmo em pessoas saud\u00e1veis\" class=\"wp-image-2247138\" data-lazy- data-lazy- data-lazy-src=\"https:\/\/www.europesays.com\/pt\/wp-content\/uploads\/2026\/01\/gases_1767185311666-1024x576.jpg\"\/>Alguns h\u00e1bitos alimentares favorecem a forma\u00e7\u00e3o de gases. \u2013 Cr\u00e9ditos: depositphotos.com \/ ruigsantos<\/p>\n<p>Principais alimentos que causam gases e incha\u00e7o<\/p>\n<p style=\"font-size:14px; color:#444; margin-bottom:12px;\">Alimentos com maior potencial de fermenta\u00e7\u00e3o intestinal e seus efeitos mais comuns.<\/p>\n<tr style=\"background-color:#f1f5f9;\"> Alimento Caracter\u00edstica Efeito no intestino Ajuste indicado <\/tr>\n<tr>\n<td style=\"padding:10px; border:1px solid #e2e8f0;\">A\u00e7\u00facar<\/td>\n<td style=\"padding:10px; border:1px solid #e2e8f0;\">Alta fermenta\u00e7\u00e3o bacteriana<\/td>\n<td style=\"padding:10px; border:1px solid #e2e8f0;\">Gases intensos e distens\u00e3o<\/td>\n<td style=\"padding:10px; border:1px solid #e2e8f0;\">Retirada total para teste<\/td>\n<\/tr>\n<tr style=\"background-color:#fafcff;\">\n<td style=\"padding:10px; border:1px solid #e2e8f0;\">Leite e derivados<\/td>\n<td style=\"padding:10px; border:1px solid #e2e8f0;\">Lactose mal digerida<\/td>\n<td style=\"padding:10px; border:1px solid #e2e8f0;\">Incha\u00e7o abdominal<\/td>\n<td style=\"padding:10px; border:1px solid #e2e8f0;\">Redu\u00e7\u00e3o ou substitui\u00e7\u00e3o<\/td>\n<\/tr>\n<tr>\n<td style=\"padding:10px; border:1px solid #e2e8f0;\">Alho e cebola<\/td>\n<td style=\"padding:10px; border:1px solid #e2e8f0;\">Ricos em FODMAPs<\/td>\n<td style=\"padding:10px; border:1px solid #e2e8f0;\">Gases e desconforto<\/td>\n<td style=\"padding:10px; border:1px solid #e2e8f0;\">Redu\u00e7\u00e3o gradual<\/td>\n<\/tr>\n<tr style=\"background-color:#fafcff;\">\n<td style=\"padding:10px; border:1px solid #e2e8f0;\">Trigo<\/td>\n<td style=\"padding:10px; border:1px solid #e2e8f0;\">Carboidratos ferment\u00e1veis<\/td>\n<td style=\"padding:10px; border:1px solid #e2e8f0;\">Distens\u00e3o e gases<\/td>\n<td style=\"padding:10px; border:1px solid #e2e8f0;\">Evitar excesso<\/td>\n<\/tr>\n<tr>\n<td style=\"padding:10px; border:1px solid #e2e8f0;\">Feij\u00e3o<\/td>\n<td style=\"padding:10px; border:1px solid #e2e8f0;\">Rico em fitatos<\/td>\n<td style=\"padding:10px; border:1px solid #e2e8f0;\">Gases intensos<\/td>\n<td style=\"padding:10px; border:1px solid #e2e8f0;\">Molho por 24 horas<\/td>\n<\/tr>\n<p style=\"font-size:14px; color:#444; margin-top:12px;\">A intensidade dos sintomas depende da quantidade ingerida e do equil\u00edbrio da microbiota intestinal.<\/p>\n<p>Estrat\u00e9gias pr\u00e1ticas para reduzir alimentos que causam gases<\/p>\n<p>A exclus\u00e3o imediata de todos os alimentos problem\u00e1ticos n\u00e3o \u00e9 obrigat\u00f3ria. Ajustes graduais ajudam a identificar a toler\u00e2ncia individual e evitam restri\u00e7\u00f5es alimentares desnecess\u00e1rias.<\/p>\n<p>A orienta\u00e7\u00e3o de um nutricionista com experi\u00eancia em FODMAPs \u00e9 indicada para manter o equil\u00edbrio nutricional e conduzir o processo com seguran\u00e7a.<\/p>\n<ul class=\"wp-block-list\">\n<li>Retirar um alimento por vez e observar os sintomas<\/li>\n<li>Reduzir por\u00e7\u00f5es em vez de excluir totalmente<\/li>\n<li>Deixar o feij\u00e3o de molho por 24 horas, trocando a \u00e1gua tr\u00eas vezes<\/li>\n<li>Evitar o consumo de a\u00e7\u00facar associado ao caf\u00e9<\/li>\n<li>Associar enzimas digestivas se os sintomas persistirem<\/li>\n<\/ul>\n<p>Selecionamos um conte\u00fado do canal <strong>Dr Juliano Teles<\/strong>, que conta com mais de <strong>3,98 mi de inscritos<\/strong> e j\u00e1 ultrapassa <strong>195 mil visualiza\u00e7\u00f5es<\/strong> neste v\u00eddeo, apresentando informa\u00e7\u00f5es sobre alimentos que favorecem a forma\u00e7\u00e3o de gases no organismo. O material destaca grupos alimentares ferment\u00e1veis, efeitos da digest\u00e3o inadequada e orienta\u00e7\u00f5es para reduzir desconfortos intestinais por meio de escolhas alimentares mais conscientes, alinhado ao tema tratado acima:<\/p>\n<p>Quando investigar al\u00e9m da alimenta\u00e7\u00e3o<\/p>\n<p>Mesmo com ajustes alimentares, o desconforto pode continuar quando existe desequil\u00edbrio da microbiota intestinal. Nesses casos, a fermenta\u00e7\u00e3o se intensifica e os sintomas tornam-se recorrentes.<\/p>\n<p>A avalia\u00e7\u00e3o profissional permite identificar a necessidade de estrat\u00e9gias adicionais, ajustar o plano alimentar e restaurar o funcionamento adequado do sistema digestivo.<\/p>\n","protected":false},"excerpt":{"rendered":"Gases e incha\u00e7o abdominal afetam grande parte da popula\u00e7\u00e3o e est\u00e3o ligados \u00e0 m\u00e1 digest\u00e3o de certos carboidratos,&hellip;\n","protected":false},"author":2,"featured_media":213036,"comment_status":"","ping_status":"","sticky":false,"template":"","format":"standard","meta":{"footnotes":""},"categories":[86],"tags":[21973,1468,41667,40571,31927,116,28552,712,32,41668,33,2145,41669,117,25648],"class_list":{"0":"post-213035","1":"post","2":"type-post","3":"status-publish","4":"format-standard","5":"has-post-thumbnail","7":"category-saude","8":"tag-abdominal","9":"tag-alimentos","10":"tag-causam","11":"tag-desconforto","12":"tag-gases","13":"tag-health","14":"tag-mesmo","15":"tag-pessoas","16":"tag-portugal","17":"tag-provocam","18":"tag-pt","19":"tag-que","20":"tag-saud","21":"tag-saude","22":"tag-veis"},"share_on_mastodon":{"url":"https:\/\/pubeurope.com\/@pt\/115829582300951459","error":""},"_links":{"self":[{"href":"https:\/\/www.europesays.com\/pt\/wp-json\/wp\/v2\/posts\/213035","targetHints":{"allow":["GET"]}}],"collection":[{"href":"https:\/\/www.europesays.com\/pt\/wp-json\/wp\/v2\/posts"}],"about":[{"href":"https:\/\/www.europesays.com\/pt\/wp-json\/wp\/v2\/types\/post"}],"author":[{"embeddable":true,"href":"https:\/\/www.europesays.com\/pt\/wp-json\/wp\/v2\/users\/2"}],"replies":[{"embeddable":true,"href":"https:\/\/www.europesays.com\/pt\/wp-json\/wp\/v2\/comments?post=213035"}],"version-history":[{"count":0,"href":"https:\/\/www.europesays.com\/pt\/wp-json\/wp\/v2\/posts\/213035\/revisions"}],"wp:featuredmedia":[{"embeddable":true,"href":"https:\/\/www.europesays.com\/pt\/wp-json\/wp\/v2\/media\/213036"}],"wp:attachment":[{"href":"https:\/\/www.europesays.com\/pt\/wp-json\/wp\/v2\/media?parent=213035"}],"wp:term":[{"taxonomy":"category","embeddable":true,"href":"https:\/\/www.europesays.com\/pt\/wp-json\/wp\/v2\/categories?post=213035"},{"taxonomy":"post_tag","embeddable":true,"href":"https:\/\/www.europesays.com\/pt\/wp-json\/wp\/v2\/tags?post=213035"}],"curies":[{"name":"wp","href":"https:\/\/api.w.org\/{rel}","templated":true}]}}