{"id":213037,"date":"2026-01-03T05:51:14","date_gmt":"2026-01-03T05:51:14","guid":{"rendered":"https:\/\/www.europesays.com\/pt\/213037\/"},"modified":"2026-01-03T05:51:14","modified_gmt":"2026-01-03T05:51:14","slug":"jeremy-renner-astro-da-marvel-compartilha-foto-de-veiculo-que-quase-o-matou-em-acidente-brutal-ha-exatos-3-anos-hoje-nao-globo","status":"publish","type":"post","link":"https:\/\/www.europesays.com\/pt\/213037\/","title":{"rendered":"Jeremy Renner, astro da Marvel, compartilha foto de ve\u00edculo que quase o matou em acidente brutal h\u00e1 exatos 3 anos: &#039;Hoje n\u00e3o&#039; &#8211; Globo"},"content":{"rendered":"<ol>\n<li><a href=\"https:\/\/news.google.com\/rss\/articles\/CBMi_wFBVV95cUxOTTRZRlMxbE1ER2lsdFdWbS1xeU5zSG12dUNaOGstay1XVnVubWF4QlBrNnU0b3ZMSnVETzVua1VVWkpMYV9iTjB3YjFFLTlGQ3pVN0JCQ3lRTEpxUE1JbExsSFZEY3VsOWZQUWtyVENEOXcxLTBGdlRnMkU0OGt5TDBHc3VRZTNMcXVUaFBOdkkwSWRhV1pqZEphWjVFWFg5YVI1Qk50QWFwZ0VadFh3Y2R3QU5qdC1RU2dmS09GOGV2Vkp3TzlOam9WdHV6Tlo2ckhfTkkwMGMzUnhkVnZ6Ui1CU0pfUVJHWlNrczMwWFVUYVF4SE96ZTlTZnhMYmvSAY4CQVVfeXFMTkFqTjZIR2d1a2ZDX1BRSWZTaFAwSXp1OGcxc0RzT1NfSFBiZ0IxU3JYUVRtdDZraXJqRDQxRENxU2NoNTdMS0F4MlA1SU5MMWtEdGFkTWc0RkV3d3NVd0xDY1J0ampQdEU2TktCMkxCU3dnellkRm9PY25DWHBNRkJMbHM4bFItQ1J2OGhlR0RicjVHdm5OXzhUWUxCYlI5V09WN0EzczVMajlJRzVjQV9naHh5UERscWNOaTFsYXhBaDE0d3hZaHM5UThhQ3VFUUJlRTBmMlp2bW9BdjdDM0MyR0tXcVIyMUJ4QkRpRkJSS3NWMF9OSWdtcGlpR21IeW42TXRSbHJJOVJ3QzdB?oc=5\" target=\"_blank\" rel=\"nofollow noopener\">Jeremy Renner, astro da Marvel, compartilha foto de ve\u00edculo que quase o matou em acidente brutal h\u00e1 exatos 3 anos: &#8216;Hoje n\u00e3o&#8217;<\/a>&nbsp;&nbsp;Globo<\/li>\n<li><a href=\"https:\/\/news.google.com\/rss\/articles\/CBMiugFBVV95cUxOdmV6RGMzd0xDNWdjRGl2NXZEOTBoVWFsbHFKakVSdXdRMXRYTk5MV0wwVkFCNEVuNW5ES2d0QnlwSzlZMHV5WVR0amwtanFQUnQtT2djVnpNN2t4UUM2Z1dyd3BGX2tIYmd5WmNLUl9nd2NidEV5bE0xVG9hd3RWLXNlY2xPakFwN0tKSDdtQTYweUtTdzc2T3ZheHV5bTVUMVMtVFkyQ0h5eE5DQ3VZSFRYVEFndlY5N0E?oc=5\" target=\"_blank\" rel=\"nofollow noopener\">Jeremy Renner est\u00e1 de volta removendo neve 3 anos ap\u00f3s o acidente<\/a>&nbsp;&nbsp;kalangoatomico.com.br<\/li>\n<li><a href=\"https:\/\/news.google.com\/rss\/articles\/CBMivwFBVV95cUxQRDdnVDR2WV8tOU9jZGhRbFJlUm5JcG9yVFF1djg0bTZBS0cwazlHTDdpWTYtaUJJeUxYV3VqT1lFM1drWENidzFQbXNSVjdJMGRueE5RSGlZTk13MHh4ZUg3eERUSmU5V0tQdDMzaDJ2N3FMYXJkal9BSjhMRl9aSFhBYkVRU3BqalFFNjJ1bE53V1pHc2djWUM3MTJBdnFfZVZEYjNicWZwb3VidzRQdFpDVkZvajg3ZTZObDhNSQ?oc=5\" target=\"_blank\" rel=\"nofollow noopener\">Jeremy Renner compartilha foto do limpa-neve no anivers\u00e1rio do acidente<\/a>&nbsp;&nbsp;segundabase.com.br<\/li>\n<li><a href=\"https:\/\/news.google.com\/rss\/articles\/CBMi_wFBVV95cUxON25ab3FuUFlUQmtpOGR1elM5bmJjUmh5MG5NcUpyREVfc2s4ajZVUmNMdUYyRTQ5ZnlWcXZGSlVwTWJZc19nXzhKdnZ3UXoyNDVZM1htYkpULTVGeWhpdGpXZDdHc3VfeWk3WUtUMVNFYVB0NEV4M2R2MTlSVHprX2NTN25WLVRrV1RBNFh1Mmt3bzVxVGlaX09nWFZoS28wUlJkQi1rWHlQNDM0R0twVEJFYnR6RlVDSXBuQjh2bjBGWDJnREhrMXdYV21MR2NRUmtoOGhBaVRXb0hULS04VHNydDhQX2xCN1FtaWNXYXpnam1rTndpeU44cFpDV1U?oc=5\" target=\"_blank\" rel=\"nofollow noopener\">J\u00e1 se passaram 3 anos desde o acidente com o limpa-neve de Jeremy Renner, e ele finalmente conseguiu brincar sobre isso<\/a>&nbsp;&nbsp;cinetotal.com.br<\/li>\n<\/ol>\n","protected":false},"excerpt":{"rendered":"Jeremy Renner, astro da Marvel, compartilha foto de ve\u00edculo que quase o matou em acidente brutal h\u00e1 exatos&hellip;\n","protected":false},"author":2,"featured_media":196976,"comment_status":"","ping_status":"","sticky":false,"template":"","format":"standard","meta":{"footnotes":""},"categories":[145],"tags":[211,210,114,115,32,33],"class_list":{"0":"post-213037","1":"post","2":"type-post","3":"status-publish","4":"format-standard","5":"has-post-thumbnail","7":"category-celebridades","8":"tag-celebridades","9":"tag-celebrities","10":"tag-entertainment","11":"tag-entretenimento","12":"tag-portugal","13":"tag-pt"},"share_on_mastodon":{"url":"https:\/\/pubeurope.com\/@pt\/115829609748362182","error":""},"_links":{"self":[{"href":"https:\/\/www.europesays.com\/pt\/wp-json\/wp\/v2\/posts\/213037","targetHints":{"allow":["GET"]}}],"collection":[{"href":"https:\/\/www.europesays.com\/pt\/wp-json\/wp\/v2\/posts"}],"about":[{"href":"https:\/\/www.europesays.com\/pt\/wp-json\/wp\/v2\/types\/post"}],"author":[{"embeddable":true,"href":"https:\/\/www.europesays.com\/pt\/wp-json\/wp\/v2\/users\/2"}],"replies":[{"embeddable":true,"href":"https:\/\/www.europesays.com\/pt\/wp-json\/wp\/v2\/comments?post=213037"}],"version-history":[{"count":0,"href":"https:\/\/www.europesays.com\/pt\/wp-json\/wp\/v2\/posts\/213037\/revisions"}],"wp:featuredmedia":[{"embeddable":true,"href":"https:\/\/www.europesays.com\/pt\/wp-json\/wp\/v2\/media\/196976"}],"wp:attachment":[{"href":"https:\/\/www.europesays.com\/pt\/wp-json\/wp\/v2\/media?parent=213037"}],"wp:term":[{"taxonomy":"category","embeddable":true,"href":"https:\/\/www.europesays.com\/pt\/wp-json\/wp\/v2\/categories?post=213037"},{"taxonomy":"post_tag","embeddable":true,"href":"https:\/\/www.europesays.com\/pt\/wp-json\/wp\/v2\/tags?post=213037"}],"curies":[{"name":"wp","href":"https:\/\/api.w.org\/{rel}","templated":true}]}}