{"id":213040,"date":"2026-01-03T06:05:15","date_gmt":"2026-01-03T06:05:15","guid":{"rendered":"https:\/\/www.europesays.com\/pt\/213040\/"},"modified":"2026-01-03T06:05:15","modified_gmt":"2026-01-03T06:05:15","slug":"graciele-lacerda-sai-em-defesa-da-filha-e-expoe-hater","status":"publish","type":"post","link":"https:\/\/www.europesays.com\/pt\/213040\/","title":{"rendered":"Graciele Lacerda sai em defesa da filha e exp\u00f5e hater"},"content":{"rendered":"<p><a href=\"https:\/\/natelinha.uol.com.br\/famosos\/tudo-sobre\/graciele-lacerda\" rel=\"nofollow noopener\" target=\"_blank\">Graciele Lacerda<\/a> saiu em defesa da filha, Clara, de 1 ano, ap\u00f3s a pequena ser alvo de ataques maldosos nas redes sociais. A esposa de <a href=\"https:\/\/natelinha.uol.com.br\/famosos\/tudo-sobre\/zeze-di-camargo\" rel=\"nofollow noopener\" target=\"_blank\">Zez\u00e9 Di Camargo<\/a> exp\u00f4s o hater e ainda deu uma resposta \u00e0 altura.<\/p>\n<p>Tudo come\u00e7ou\u00a0quando a madrasta de Wanessa Camargo postou um registro\u00a0com a garotinha fazendo careta. &#8220;Quanto a Clarinha est\u00e1 cobrando para assombrar uma casa de tr\u00eas c\u00f4modos?&#8221;, indagou uma mulher.<\/p>\n<p>+ <a href=\"https:\/\/natelinha.uol.com.br\/famosos\/2026\/01\/02\/mario-gomes-volta-a-desabafar-apos-assalto-desapego-236026.php\" rel=\"nofollow noopener\" target=\"_blank\">M\u00e1rio Gomes volta a desabafar ap\u00f3s assalto: &#8220;Desapego&#8221;<\/a><\/p>\n<p>continua depois da publicidade<\/p>\n<p>+ <a href=\"https:\/\/natelinha.uol.com.br\/famosos\/2026\/01\/02\/laura-fernandez-desabafa-apos-primeiro-reveillon-sem-preta-gil-236021.php\" rel=\"nofollow noopener\" target=\"_blank\">Laura Fernandez desabafa ap\u00f3s primeiro R\u00e9veillon sem Preta Gil<\/a><\/p>\n<p>Graciele Lacerda n\u00e3o s\u00f3 defendeu a filha, como exp\u00f4s a identidade e o perfil da detratora.<\/p>\n<p>&#8220;Come\u00e7ar o ano lendo uma mensagem assim diz mais sobre quem escreve do que sobre quem recebe. Desejo que em 2026 n\u00e3o te falte amor, empatia e Deus no cora\u00e7\u00e3o&#8221;, respondeu a jornalista e influenciadora digital.<\/p>\n<p>Graciele Lacerda faz surpresa para a filha<\/p>\n<p><img decoding=\"async\" loading=\"lazy\" class=\"horizontal\" src=\"https:\/\/www.europesays.com\/pt\/wp-content\/uploads\/2026\/01\/graciele-lacerda_9829.jpeg\" alt=\"Graciele Lacerda sai em defesa da filha e exp\u00f5e hater\"\/><\/p>\n<p>Na quinta-feira (25) da semana passada, em pleno dia de Natal, Graciele Lacerda comemorou o primeiro anivers\u00e1rio de Clara. &#8220;Parab\u00e9ns, minha princesa&#8221;, escreveu\u00a0a famosa nos Stories do Instagram.<\/p>\n<p>&#8220;Que Deus te aben\u00e7oe, minha filha, te proteja, te guarde&#8221;, afirmou a esposa de Zez\u00e9 Di Camargo, que\u00a0comprou\u00a0v\u00e1rios bal\u00f5es em tom roxo para cantar Parab\u00e9ns para Voc\u00ea para a garotinha.<\/p>\n<p>continua depois da publicidade<\/p>\n","protected":false},"excerpt":{"rendered":"Graciele Lacerda saiu em defesa da filha, Clara, de 1 ano, ap\u00f3s a pequena ser alvo de ataques&hellip;\n","protected":false},"author":2,"featured_media":213041,"comment_status":"","ping_status":"","sticky":false,"template":"","format":"standard","meta":{"footnotes":""},"categories":[145],"tags":[211,210,114,115,7883,32,33],"class_list":{"0":"post-213040","1":"post","2":"type-post","3":"status-publish","4":"format-standard","5":"has-post-thumbnail","7":"category-celebridades","8":"tag-celebridades","9":"tag-celebrities","10":"tag-entertainment","11":"tag-entretenimento","12":"tag-graciele-lacerda","13":"tag-portugal","14":"tag-pt"},"share_on_mastodon":{"url":"https:\/\/pubeurope.com\/@pt\/115829664820795553","error":""},"_links":{"self":[{"href":"https:\/\/www.europesays.com\/pt\/wp-json\/wp\/v2\/posts\/213040","targetHints":{"allow":["GET"]}}],"collection":[{"href":"https:\/\/www.europesays.com\/pt\/wp-json\/wp\/v2\/posts"}],"about":[{"href":"https:\/\/www.europesays.com\/pt\/wp-json\/wp\/v2\/types\/post"}],"author":[{"embeddable":true,"href":"https:\/\/www.europesays.com\/pt\/wp-json\/wp\/v2\/users\/2"}],"replies":[{"embeddable":true,"href":"https:\/\/www.europesays.com\/pt\/wp-json\/wp\/v2\/comments?post=213040"}],"version-history":[{"count":0,"href":"https:\/\/www.europesays.com\/pt\/wp-json\/wp\/v2\/posts\/213040\/revisions"}],"wp:featuredmedia":[{"embeddable":true,"href":"https:\/\/www.europesays.com\/pt\/wp-json\/wp\/v2\/media\/213041"}],"wp:attachment":[{"href":"https:\/\/www.europesays.com\/pt\/wp-json\/wp\/v2\/media?parent=213040"}],"wp:term":[{"taxonomy":"category","embeddable":true,"href":"https:\/\/www.europesays.com\/pt\/wp-json\/wp\/v2\/categories?post=213040"},{"taxonomy":"post_tag","embeddable":true,"href":"https:\/\/www.europesays.com\/pt\/wp-json\/wp\/v2\/tags?post=213040"}],"curies":[{"name":"wp","href":"https:\/\/api.w.org\/{rel}","templated":true}]}}