{"id":213042,"date":"2026-01-03T06:19:17","date_gmt":"2026-01-03T06:19:17","guid":{"rendered":"https:\/\/www.europesays.com\/pt\/213042\/"},"modified":"2026-01-03T06:19:17","modified_gmt":"2026-01-03T06:19:17","slug":"ator-celebra-58-anos-com-fortuna-de-r-75-milhoes-e-mansoes-cinematograficas","status":"publish","type":"post","link":"https:\/\/www.europesays.com\/pt\/213042\/","title":{"rendered":"Ator celebra 58 anos com fortuna de R$ 75 milh\u00f5es e mans\u00f5es cinematogr\u00e1ficas"},"content":{"rendered":"<p>O dono da frase mais famosa do cinema nos anos 90 \u2013\u201cShow me the money!\u201d \u2013 tem motivos financeiros para celebrar, mas vive uma realidade bem diferente do seu auge em Hollywood. <a href=\"https:\/\/caras.com.br\/tags\/cuba-gooding-jr\" rel=\"nofollow noopener\" target=\"_blank\"><strong>Cuba Gooding Jr.<\/strong><\/a>, que completa 58 anos nesta sexta-feira, 2, mant\u00e9m um patrim\u00f4nio l\u00edquido estimado entre US$ 12 e US$ 15 milh\u00f5es, aproximadamente R$ 60 a R$ 75 milh\u00f5es na cota\u00e7\u00e3o atual.<\/p>\n<p>Embora o valor seja impressionante, ele reflete uma fase de reestrutura\u00e7\u00e3o na vida do ator, que se desfez de ativos imobili\u00e1rios valiosos na \u00faltima d\u00e9cada enquanto enfrentava batalhas judiciais.<\/p>\n<p> Im\u00f3veis impressionantes <\/p>\n<p>Grande parte da fortuna atual do ator vem da venda estrat\u00e9gica de seu leque imobili\u00e1rio na Calif\u00f3rnia. A principal propriedade, uma mans\u00e3o espetacular em Pacific Palisades, foi o s\u00edmbolo de seu sucesso por 14 anos.<\/p>\n<p>Comprada no ano 2000 por US$ 3,5 milh\u00f5es, a casa passou por reformas massivas sob o comando do ator. O resultado foi uma resid\u00eancia estilo English Country com luxos exc\u00eantricos, incluindo: um rinque de h\u00f3quei no gelo privativo, academia profissional de boxe, sala de cinema exclusiva, piscina estilo resort e adega climatizada.<\/p>\n<p><strong>Leia tamb\u00e9m<\/strong>: <a href=\"https:\/\/caras.com.br\/atualidades\/ator-celebra-88-anos-com-fortuna-de-r-900-milhoes-e-mansoes-dignas-da-realeza.phtml\" rel=\"nofollow noopener\" target=\"_blank\">Ator celebra 88 anos com fortuna de R$ 900 milh\u00f5es e mans\u00f5es dignas da realeza<\/a><\/p>\n<p>O im\u00f3vel de 7 quartos foi listado inicialmente por quase US$ 12 milh\u00f5es, mas acabou sendo vendido em 2014 por cerca de US$ 9,8 milh\u00f5es (quase R$ 50 milh\u00f5es na convers\u00e3o direta atual), garantindo um lucro expressivo sobre o valor de compra. Al\u00e9m desta, o ator tamb\u00e9m liquidou propriedades em Studio City e Porter Ranch.<\/p>\n<p> <img loading=\"lazy\" decoding=\"async\" class=\"wp-image-1052311 size-full img-fluid lazy\" alt=\"\" width=\"683\" height=\"1024\" src=\"https:\/\/www.europesays.com\/pt\/wp-content\/uploads\/2026\/01\/Cuba-Gooding-Jr.-gettyimages-2215633189.jpg\"  \/>Cuba Gooding Jr. \u2013 Foto: gettyimages Evolu\u00e7\u00e3o dos sal\u00e1rios <\/p>\n<p>A fortuna de Cuba Gooding Jr. foi constru\u00edda sobre uma escalada salarial impressionante no final dos anos 90. Curiosamente, o papel que lhe deu o Oscar de Melhor Ator Coadjuvante foi um dos \u201cmais baratos\u201d de sua fase estelar:<\/p>\n<ul>\n<li><strong>Jerry Maguire: A Grande Virada (1996)<\/strong>: O ator recebeu cerca de US$ 600 mil. O sucesso do filme, por\u00e9m, catapultou seu valor de mercado.<\/li>\n<li><strong>Amor Al\u00e9m da Vida (1998)<\/strong>: O cach\u00ea saltou para US$ 1,5 milh\u00e3o.<\/li>\n<li><strong>Instinto<\/strong> <strong>(1999)<\/strong>: No auge da fama, ele embolsou US$ 2,5 milh\u00f5es para atuar ao lado de Anthony Hopkins.<\/li>\n<\/ul>\n<p> Desafios recentes e o impacto na fortuna <\/p>\n<p>A estagna\u00e7\u00e3o do patrim\u00f4nio nos \u00faltimos anos n\u00e3o \u00e9 segredo. O ator enfrentou uma s\u00e9rie de processos civis e criminais em Nova York relacionados a m\u00e1 conduta sexual. Os altos custos com defesa legal e eventuais acordos impactaram suas finan\u00e7as.<\/p>\n<p>Al\u00e9m disso, as <a href=\"https:\/\/caras.com.br\/arquivo\/acusado-de-agredir-garconete-cuba-gooding-jr-e-procurado-pela-policia.phtml\" rel=\"nofollow noopener\" target=\"_blank\">pol\u00eamicas e acusa\u00e7\u00f5es<\/a> afastaram Gooding Jr. das superprodu\u00e7\u00f5es de Hollywood, limitando sua gera\u00e7\u00e3o de renda atual a projetos independentes e de menor or\u00e7amento. Mesmo assim, aos 58 anos, o artista mant\u00e9m seu status de milion\u00e1rio.<\/p>\n<p><strong>CONFIRA PUBLICA\u00c7\u00c3O RECENTE DA CARAS BRASIL NAS\u00a0<a href=\"https:\/\/www.instagram.com\/carasbrasil\/\" rel=\"nofollow noopener\" target=\"_blank\">REDES SOCIAIS:<\/a><\/strong><\/p>\n<blockquote class=\"instagram-media\" style=\"background: #FFF; border: 0; border-radius: 3px; box-shadow: 0 0 1px 0 rgba(0,0,0,0.5),0 1px 10px 0 rgba(0,0,0,0.15); margin: 1px; max-width: 540px; min-width: 326px; padding: 0; width: calc(100% - 2px);\" data-instgrm-permalink=\"https:\/\/www.instagram.com\/p\/DSshqJqkqZX\/?utm_source=ig_embed&amp;utm_campaign=loading\" data-instgrm-version=\"14\"><\/blockquote>\n<p>\t                                            <script async src=\"\/\/www.instagram.com\/embed.js\"><\/script><\/p>\n","protected":false},"excerpt":{"rendered":"O dono da frase mais famosa do cinema nos anos 90 \u2013\u201cShow me the money!\u201d \u2013 tem motivos&hellip;\n","protected":false},"author":2,"featured_media":213043,"comment_status":"","ping_status":"","sticky":false,"template":"","format":"standard","meta":{"footnotes":""},"categories":[145],"tags":[1244,211,210,41670,114,115,20460,32,33],"class_list":{"0":"post-213042","1":"post","2":"type-post","3":"status-publish","4":"format-standard","5":"has-post-thumbnail","7":"category-celebridades","8":"tag-ator","9":"tag-celebridades","10":"tag-celebrities","11":"tag-cuba-gooding-jr","12":"tag-entertainment","13":"tag-entretenimento","14":"tag-fortuna","15":"tag-portugal","16":"tag-pt"},"share_on_mastodon":{"url":"https:\/\/pubeurope.com\/@pt\/115829719880827699","error":""},"_links":{"self":[{"href":"https:\/\/www.europesays.com\/pt\/wp-json\/wp\/v2\/posts\/213042","targetHints":{"allow":["GET"]}}],"collection":[{"href":"https:\/\/www.europesays.com\/pt\/wp-json\/wp\/v2\/posts"}],"about":[{"href":"https:\/\/www.europesays.com\/pt\/wp-json\/wp\/v2\/types\/post"}],"author":[{"embeddable":true,"href":"https:\/\/www.europesays.com\/pt\/wp-json\/wp\/v2\/users\/2"}],"replies":[{"embeddable":true,"href":"https:\/\/www.europesays.com\/pt\/wp-json\/wp\/v2\/comments?post=213042"}],"version-history":[{"count":0,"href":"https:\/\/www.europesays.com\/pt\/wp-json\/wp\/v2\/posts\/213042\/revisions"}],"wp:featuredmedia":[{"embeddable":true,"href":"https:\/\/www.europesays.com\/pt\/wp-json\/wp\/v2\/media\/213043"}],"wp:attachment":[{"href":"https:\/\/www.europesays.com\/pt\/wp-json\/wp\/v2\/media?parent=213042"}],"wp:term":[{"taxonomy":"category","embeddable":true,"href":"https:\/\/www.europesays.com\/pt\/wp-json\/wp\/v2\/categories?post=213042"},{"taxonomy":"post_tag","embeddable":true,"href":"https:\/\/www.europesays.com\/pt\/wp-json\/wp\/v2\/tags?post=213042"}],"curies":[{"name":"wp","href":"https:\/\/api.w.org\/{rel}","templated":true}]}}