{"id":213044,"date":"2026-01-03T06:33:09","date_gmt":"2026-01-03T06:33:09","guid":{"rendered":"https:\/\/www.europesays.com\/pt\/213044\/"},"modified":"2026-01-03T06:33:09","modified_gmt":"2026-01-03T06:33:09","slug":"atriz-defende-ex-marido-roberto-carlos-apos-criticas","status":"publish","type":"post","link":"https:\/\/www.europesays.com\/pt\/213044\/","title":{"rendered":"Atriz defende ex-marido Roberto Carlos ap\u00f3s cr\u00edticas"},"content":{"rendered":"<p class=\"bullet mt-0\" data-v-232111b4=\"\">Myrian Rios, 67, defendeu o ex-marido Roberto Carlos, 84, de cr\u00edticas que o cantor recebeu ap\u00f3s viralizar nas redes sociais um v\u00eddeo em que ele interrompe um show para dar bronca em alguns fot\u00f3grafos.<\/p>\n<p>O que aconteceu<\/p>\n<p class=\"bullet\" data-v-232111b4=\"\"><strong>A atriz, que foi casada com o ator de 1977 a 1989, publicou um v\u00eddeo em suas redes sociais pedindo respeito pela hist\u00f3ria do ex.<\/strong> &#8220;Pensei muito antes de fazer esse gravar esse v\u00eddeo, mas estou por aqui com esses coment\u00e1rios ofensivos e desagrad\u00e1veis em rela\u00e7\u00e3o ao Roberto Carlos por causa dos \u00faltimos v\u00eddeos que est\u00e3o circulando por a\u00ed dele xingando ou entregando a flor de uma maneira autom\u00e1tica&#8221;<\/p>\n<p class=\"bullet\" data-v-232111b4=\"\">Gente, olha s\u00f3&#8230; O Roberto contribui para o Brasil h\u00e1 mais de 60 anos com m\u00fasicas bel\u00edssimas, carisma, amor e charme. Hoje, aos 84 anos, cansado, a gente n\u00e3o sabe o que ele est\u00e1 vivendo. Ele pode ter um tempo ruim tamb\u00e9m, n\u00e9? Dai voc\u00ea vai ao show do Roberto e fica batendo papo, bebendo e enchendo a cara&#8230; Voc\u00ea n\u00e3o est\u00e1 no barzinho vendo uma m\u00fasica ao vivo.<br \/><strong>Myrian Rios<\/strong><\/p>\n","protected":false},"excerpt":{"rendered":"Myrian Rios, 67, defendeu o ex-marido Roberto Carlos, 84, de cr\u00edticas que o cantor recebeu ap\u00f3s viralizar nas&hellip;\n","protected":false},"author":2,"featured_media":213045,"comment_status":"","ping_status":"","sticky":false,"template":"","format":"standard","meta":{"footnotes":""},"categories":[145],"tags":[211,210,114,115,32,33],"class_list":{"0":"post-213044","1":"post","2":"type-post","3":"status-publish","4":"format-standard","5":"has-post-thumbnail","7":"category-celebridades","8":"tag-celebridades","9":"tag-celebrities","10":"tag-entertainment","11":"tag-entretenimento","12":"tag-portugal","13":"tag-pt"},"share_on_mastodon":{"url":"https:\/\/pubeurope.com\/@pt\/115829774928071756","error":""},"_links":{"self":[{"href":"https:\/\/www.europesays.com\/pt\/wp-json\/wp\/v2\/posts\/213044","targetHints":{"allow":["GET"]}}],"collection":[{"href":"https:\/\/www.europesays.com\/pt\/wp-json\/wp\/v2\/posts"}],"about":[{"href":"https:\/\/www.europesays.com\/pt\/wp-json\/wp\/v2\/types\/post"}],"author":[{"embeddable":true,"href":"https:\/\/www.europesays.com\/pt\/wp-json\/wp\/v2\/users\/2"}],"replies":[{"embeddable":true,"href":"https:\/\/www.europesays.com\/pt\/wp-json\/wp\/v2\/comments?post=213044"}],"version-history":[{"count":0,"href":"https:\/\/www.europesays.com\/pt\/wp-json\/wp\/v2\/posts\/213044\/revisions"}],"wp:featuredmedia":[{"embeddable":true,"href":"https:\/\/www.europesays.com\/pt\/wp-json\/wp\/v2\/media\/213045"}],"wp:attachment":[{"href":"https:\/\/www.europesays.com\/pt\/wp-json\/wp\/v2\/media?parent=213044"}],"wp:term":[{"taxonomy":"category","embeddable":true,"href":"https:\/\/www.europesays.com\/pt\/wp-json\/wp\/v2\/categories?post=213044"},{"taxonomy":"post_tag","embeddable":true,"href":"https:\/\/www.europesays.com\/pt\/wp-json\/wp\/v2\/tags?post=213044"}],"curies":[{"name":"wp","href":"https:\/\/api.w.org\/{rel}","templated":true}]}}