{"id":213052,"date":"2026-01-03T07:15:17","date_gmt":"2026-01-03T07:15:17","guid":{"rendered":"https:\/\/www.europesays.com\/pt\/213052\/"},"modified":"2026-01-03T07:15:17","modified_gmt":"2026-01-03T07:15:17","slug":"viih-tube-atualiza-estado-de-saude-do-filho-apos-cirurgia-2","status":"publish","type":"post","link":"https:\/\/www.europesays.com\/pt\/213052\/","title":{"rendered":"Viih Tube atualiza estado de sa\u00fade do filho ap\u00f3s cirurgia"},"content":{"rendered":"<p>A influenciadora <strong>Viih Tube<\/strong> atualizou o estado de sa\u00fade do filho ca\u00e7ula, Ravi, que sofreu um acidente dom\u00e9stico poucos dias antes do Natal. O menino sofreu uma queimadura na m\u00e3o e precisou passar por uma cirurgia para remover a pele queimada e realizar o curativo adequado.<\/p>\n<p>Nesta sexta-feira, 02\/01, a ex-BBB contou que o pequeno est\u00e1 melhor e se recuperando. Viih ainda aproveitou para mostrar uma foto da m\u00e3e cicatrizando ap\u00f3s a queimadura.<\/p>\n<p>\u201cM\u00e3ozinha do Ravi j\u00e1 est\u00e1 muito melhor. Estamos trocando aqui na viagem com m\u00e9dicos daqui tamb\u00e9m\u201d, afirmou a influencer. Viih est\u00e1 com o marido, <strong>Eliezer<\/strong>, e outros familiares nos Estados Unidos.<\/p>\n<p> <img loading=\"lazy\" decoding=\"async\" class=\"wp-image-464314 size-large img-fluid lazy\" alt=\"Viih Tube atualiza estado de sa\u00fade do filho ap\u00f3s cirurgia\" width=\"254\" height=\"450\" src=\"https:\/\/www.europesays.com\/pt\/wp-content\/uploads\/2026\/01\/viih-tube-filho-ravi-254x450.jpg\"  \/>Viih Tube atualiza estado de sa\u00fade do filho ap\u00f3s cirurgia \u2013 Reprodu\u00e7\u00e3o\/ Instagram O que aconteceu com o filho de Viih Tube e Eliezer? <\/p>\n<p>O filho ca\u00e7ula de Viih Tube e Eliezer, Ravi, de 1 ano, foi levado \u00e0s pressas ao hospital e passou por uma cirurgia de emerg\u00eancia no \u00faltimo domingo, 21\/12. O menino sofreu uma queimadura de segundo grau ao tocar no motor de um buggy. Nas redes sociais, Viih Tube compartilhou detalhes do atendimento e imagens das bolhas causadas pelo ferimento.<\/p>\n<p>No relato, ela conta que Ravi foi submetido a um desbridamento, procedimento para remo\u00e7\u00e3o de tecido lesionado. \u201cRavi fez uma queimadura de segundo grau e precisou internar e passar por uma cirurgia. Mas j\u00e1 est\u00e1 tudo bem gra\u00e7as a Deus\u201d, desabafou.<\/p>\n<p>Ap\u00f3s compartilhar a situa\u00e7\u00e3o e exibir imagens fortes aos f\u00e3s, Viih Tube fez um comovente desabafo sobre o filho. Na postagem, ela contou que h\u00e1 um ano, nesta mesma \u00e9poca do ano, Ravi recebeu alta hospitalar.<\/p>\n<p>\u201cComemoramos ontem que fazia um ano que ele tinha tido alta e hoje internou no mesmo hospital, na mesma UTI porque colocou a m\u00e3o no motor de buggy e teve uma queimadura de segundo grau\u201d, contou a influenciadora. \u201cVoltei para aquele mesmo centro cir\u00fargico que um ano atr\u00e1s me traumatizou\u201d, desabafou.<\/p>\n<p>E completou: \u201cE sabe o que eu tiro disso tudo? Ressignifiquei. Hoje venho aqui com um filho saud\u00e1vel, bagunceiro, com apenas uma fatalidade. E eu consegui! N\u00e3o surtei, n\u00e3o tive crises. Eu sei o que isso significa para mim. Obrigada, meu Deus, por cada livramento\u201d.<\/p>\n<p>Leia tamb\u00e9m<a href=\"https:\/\/contigo.com.br\/noticias\/famosos\/influenciador-anuncia-morte-do-filho-de-5-anos-veja-a-causa.phtml\" rel=\"nofollow noopener\" target=\"_blank\">: Influenciador anuncia morte do filho de 5 anos; veja a causa<\/a><\/p>\n","protected":false},"excerpt":{"rendered":"A influenciadora Viih Tube atualizou o estado de sa\u00fade do filho ca\u00e7ula, Ravi, que sofreu um acidente dom\u00e9stico&hellip;\n","protected":false},"author":2,"featured_media":213053,"comment_status":"","ping_status":"","sticky":false,"template":"","format":"standard","meta":{"footnotes":""},"categories":[145],"tags":[211,210,5653,114,115,32,33,5654,12756],"class_list":{"0":"post-213052","1":"post","2":"type-post","3":"status-publish","4":"format-standard","5":"has-post-thumbnail","7":"category-celebridades","8":"tag-celebridades","9":"tag-celebrities","10":"tag-eliezer","11":"tag-entertainment","12":"tag-entretenimento","13":"tag-portugal","14":"tag-pt","15":"tag-ravi","16":"tag-viih-tube"},"share_on_mastodon":{"url":"https:\/\/pubeurope.com\/@pt\/115829940103400829","error":""},"_links":{"self":[{"href":"https:\/\/www.europesays.com\/pt\/wp-json\/wp\/v2\/posts\/213052","targetHints":{"allow":["GET"]}}],"collection":[{"href":"https:\/\/www.europesays.com\/pt\/wp-json\/wp\/v2\/posts"}],"about":[{"href":"https:\/\/www.europesays.com\/pt\/wp-json\/wp\/v2\/types\/post"}],"author":[{"embeddable":true,"href":"https:\/\/www.europesays.com\/pt\/wp-json\/wp\/v2\/users\/2"}],"replies":[{"embeddable":true,"href":"https:\/\/www.europesays.com\/pt\/wp-json\/wp\/v2\/comments?post=213052"}],"version-history":[{"count":0,"href":"https:\/\/www.europesays.com\/pt\/wp-json\/wp\/v2\/posts\/213052\/revisions"}],"wp:featuredmedia":[{"embeddable":true,"href":"https:\/\/www.europesays.com\/pt\/wp-json\/wp\/v2\/media\/213053"}],"wp:attachment":[{"href":"https:\/\/www.europesays.com\/pt\/wp-json\/wp\/v2\/media?parent=213052"}],"wp:term":[{"taxonomy":"category","embeddable":true,"href":"https:\/\/www.europesays.com\/pt\/wp-json\/wp\/v2\/categories?post=213052"},{"taxonomy":"post_tag","embeddable":true,"href":"https:\/\/www.europesays.com\/pt\/wp-json\/wp\/v2\/tags?post=213052"}],"curies":[{"name":"wp","href":"https:\/\/api.w.org\/{rel}","templated":true}]}}