{"id":213056,"date":"2026-01-03T07:24:11","date_gmt":"2026-01-03T07:24:11","guid":{"rendered":"https:\/\/www.europesays.com\/pt\/213056\/"},"modified":"2026-01-03T07:24:11","modified_gmt":"2026-01-03T07:24:11","slug":"pela-primeira-vez-tres-buracos-negros-supermassivos-vistos-a-fundir-se-num-so","status":"publish","type":"post","link":"https:\/\/www.europesays.com\/pt\/213056\/","title":{"rendered":"Pela primeira vez, tr\u00eas buracos negros supermassivos vistos a fundir-se num s\u00f3"},"content":{"rendered":"<p class=\"wp-caption-text top\">P. Vosteen \/ NSF \/ AUI \/ NSF NRAO<\/p>\n<p><img decoding=\"async\" loading=\"lazy\" class=\"size-kopa-image-size-3 wp-image-720130\" src=\"https:\/\/www.europesays.com\/pt\/wp-content\/uploads\/2026\/01\/75bb4f56798ee6c906c4b368b03e02f3-783x450.jpg\" alt=\"\" width=\"700\" height=\"402\"  \/><\/p>\n<p class=\"wp-caption-text bot\">Ilustra\u00e7\u00e3o art\u00edstica de um raro trio de gal\u00e1xias em fus\u00e3o, J121\/1219+1035, que alberga tr\u00eas buracos negros supermassivos, ativos e com elevada emiss\u00e3o de r\u00e1dio, cujos jatos iluminam o g\u00e1s circundante.<\/p>\n<p><strong>Astr\u00f3nomos identificaram um sistema de tr\u00eas buracos negros supermassivos, todos em atividade, que parecem estar a fundir-se num \u00fanico sistema \u2013 um fen\u00f3meno raro que ajudar\u00e1 a esclarecer a f\u00edsica por detr\u00e1s de fus\u00f5es complexas.<\/strong><\/p>\n<p>Tr\u00eas gal\u00e1xias com buracos negros supermassivos nos seus centros parecem estar em processo de fus\u00e3o, dando origem a <strong>uma \u00fanica gal\u00e1xia gigante<\/strong> \u2013 algo que os astr\u00f3nomos raramente observam.<\/p>\n<p>Para atingirem dimens\u00f5es t\u00e3o colossais, acredita-se que os buracos negros supermassivos tenham, por vezes, de devorar ou <a href=\"https:\/\/zap.aeiou.pt\/detetada-a-mais-poderosa-fusao-de-buracos-negros-criou-monstro-225-vezes-mais-macico-que-o-sol-689643\" data-wpel-link=\"internal\" rel=\"nofollow noopener\" target=\"_blank\">fundir-se com outros buracos negros<\/a> de grande massa, durante colis\u00f5es gal\u00e1cticas.<\/p>\n<p>Este processo <strong>\u00e9 dif\u00edcil de detetar<\/strong>, n\u00e3o s\u00f3 porque estas fus\u00f5es s\u00e3o fugazes em compara\u00e7\u00e3o com o tempo de vida de um buraco negro, mas tamb\u00e9m porque s\u00f3 s\u00e3o facilmente observ\u00e1veis <strong>se emitirem luz resultante da absor\u00e7\u00e3o ativa de mat\u00e9ria<\/strong>, o que tamb\u00e9m \u00e9 raro. Como consequ\u00eancia, os astr\u00f3nomos s\u00f3 conseguiram identificar <strong>cerca de 150 pares de buracos negros<\/strong> gal\u00e1cticos em plena fus\u00e3o.<\/p>\n<p>Num novo estudo, <strong>Emma Schwartzman<\/strong>, investigadora do Laborat\u00f3rio de Investiga\u00e7\u00e3o Naval dos EUA, em Washington, e a sua equipa, descobriram agora um <strong>grupo de tr\u00eas buracos negros supermassivos, todos em atividade<\/strong>, que aparentam estar a <strong>unir-se num \u00fanico sistema<\/strong>.<\/p>\n<p>A descoberta da tripla colis\u00e3o gal\u00e1ctica, a que os astr\u00f3nomos deram o nome de <strong>J1218\/1219+1035<\/strong>, foi apresentada num <a href=\"https:\/\/iopscience.iop.org\/article\/10.3847\/2041-8213\/ae2002\" data-wpel-link=\"external\" target=\"_blank\" rel=\"nofollow external noopener noreferrer\" class=\"ext-link\">artigo<\/a> recentemente publicado na revista The Astrophysical Journal Letters.<\/p>\n<p>\u201c<strong>Quanto mais gal\u00e1xias envolvidas, mais raro \u00e9 o sistema<\/strong>\u201d, explica Schwartzman, em <a href=\"https:\/\/public.nrao.edu\/news\/radio-black-hole-trio-lights-up-in-rare-galaxy-merger\/\" data-wpel-link=\"external\" target=\"_blank\" rel=\"nofollow external noopener noreferrer\" class=\"ext-link\">comunicado<\/a> do National Radio Astronomy Observatory (NRAO). \u201cAo observarmos que todos os tr\u00eas buracos negros deste sistema s\u00e3o radioluminosos e emitem jatos ativamente, transformamos o conceito de \u2018<strong>n\u00facleo gal\u00e1ctico ativo triplo<\/strong>\u2018 em realidade\u201d.<\/p>\n<p>Cada um destes buracos negros supermassivos est\u00e1 a emitir radia\u00e7\u00e3o de baixa frequ\u00eancia <strong>sob a forma de ondas de r\u00e1dio<\/strong>, capazes de atravessar o p\u00f3 que bloqueia outros tipos de luz, o que permitiu a Schwartzman e \u00e0 sua equipa observ\u00e1-los com <strong>dois radiotelesc\u00f3pios<\/strong>, o Very Long Baseline Array, no Havai, e o Very Large Array, no Novo M\u00e9xico, e<strong> excluir a hip\u00f3tese de a luz provir de outra fonte<\/strong>, como gal\u00e1xias brilhantes repletas de estrelas.<\/p>\n<p>\u201cO que \u00e9 realmente fascinante \u00e9 que todos estes tr\u00eas buracos negros emitem na faixa das radiofrequ\u00eancias, <strong>algo que nunca t\u00ednhamos observado<\/strong>\u201d, refere Schwartzman. \u201cN\u00e3o h\u00e1 garantia de que qualquer buraco negro emita nessa faixa.\u201d<\/p>\n<p>As fus\u00f5es de gal\u00e1xias <strong>n\u00e3o s\u00e3o raras no Universo<\/strong>; na verdade, pensa-se que s\u00e3o um dos principais mecanismos atrav\u00e9s dos quais as gal\u00e1xias, e os seus respectivos buracos negros supermassivos, crescem. <strong>A pr\u00f3pria Via L\u00e1ctea<\/strong> apresenta ind\u00edcios de pelo menos <strong>tr\u00eas ou quatro grandes fus\u00f5es<\/strong> ao longo dos seus 13 mil milh\u00f5es de anos de exist\u00eancia.<\/p>\n<p>Os astr\u00f3nomos j\u00e1 catalogaram um n\u00famero significativo de fus\u00f5es entre pares de gal\u00e1xias, mas<strong> sistemas formados por tr\u00eas gal\u00e1xias s\u00e3o muito mais raros<\/strong>, explica o <a href=\"https:\/\/www.sciencealert.com\/three-supermassive-black-holes-discovered-colliding-in-a-cosmic-first\" data-wpel-link=\"external\" target=\"_blank\" rel=\"nofollow external noopener noreferrer\" class=\"ext-link\">Science Alert<\/a>, porque estes exigem que as tr\u00eas gal\u00e1xias se fundam <strong>simultaneamente, em vez de um processo escalonado<\/strong> e hier\u00e1rquico.<\/p>\n<p>Segundo <strong>Isabella Lamperti<\/strong>, investigadora da Universidade de Floren\u00e7a, em It\u00e1lia, j\u00e1 s\u00e3o vis\u00edveis sinais de que as gal\u00e1xias<strong> come\u00e7aram a interagir entre si<\/strong>, mas ainda se encontram numa<strong> fase relativamente inicial da intera\u00e7\u00e3o<\/strong>, dado que duas das gal\u00e1xias continuam separadas por cerca de 70 mil anos-luz e a terceira est\u00e1 a 300 mil anos-luz de dist\u00e2ncia.<\/p>\n<p>No entanto, em compara\u00e7\u00e3o com a dura\u00e7\u00e3o total das suas vidas, que se estende por milhares de milh\u00f5es de anos, \u201cestamos a assistir ao desfecho desta hist\u00f3ria. \u00c9 como <strong>apanhar os momentos finais de uma novela gal\u00e1ctica<\/strong>\u201c, diz \u00e0 <a href=\"https:\/\/www.newscientist.com\/article\/2509529-three-supermassive-black-holes-have-been-spotted-merging-into-one\/\" data-wpel-link=\"external\" target=\"_blank\" rel=\"nofollow external noopener noreferrer\" class=\"ext-link\">New Scientist<\/a> a astr\u00f3noma <strong>Emma Kun<\/strong>, investigadora da Universidade de Ruhr Bochum, na Alemanha.<\/p>\n<p>Simular a fus\u00e3o de tr\u00eas buracos negros supermassivos ativos \u00e9 extremamente complexo, explica Kun, mas observar este sistema permitir\u00e1 aos f\u00edsicos compreender melhor o que acontece em fus\u00f5es mais intricadas. \u201cEste \u00e9 o primeiro passo para <strong>percebermos a f\u00edsica deste tipo de sistema<\/strong>\u201d, conclui.<\/p>\n<p>    <a href=\"https:\/\/zap.aeiou.pt\/subscrever-newsletter\" data-wpel-link=\"internal\" rel=\"nofollow noopener\" target=\"_blank\">&#13;<br \/>\n        <img loading=\"lazy\" decoding=\"async\" class=\"aligncenter size-full wp-image-575475\" src=\"https:\/\/www.europesays.com\/pt\/wp-content\/uploads\/2025\/12\/1765389371_545_2d51fe4a0ba54894421ead1809309ed9-1-450x140.jpg\" alt=\"Subscreva a Newsletter ZAP\" width=\"450\" height=\"140\"\/>&#13;<br \/>\n    <\/a><\/p>\n<p>                <a href=\"https:\/\/whatsapp.com\/channel\/0029VaIC4EE2f3EJZPPSbR34\" data-wpel-link=\"external\" target=\"_blank\" rel=\"nofollow external noopener noreferrer\" class=\"ext-link\">&#13;<br \/>\n                    <img loading=\"lazy\" decoding=\"async\" class=\"aligncenter size-full wp-image-575475\" src=\"https:\/\/www.europesays.com\/pt\/wp-content\/uploads\/2025\/12\/1765389371_770_c68c559d956d4ca20f435ed74a6e71e6.png\" alt=\"Siga-nos no WhatsApp\" width=\"175\" height=\"64\"\/>&#13;<br \/>\n                <\/a><\/p>\n<p>                <a href=\"https:\/\/news.google.com\/publications\/CAAiEHRwZondIV71PDjWNoqMduEqFAgKIhB0cGaJ3SFe9Tw41jaKjHbh?hl=en-US&amp;gl=US&amp;ceid=US%3Aen\" data-wpel-link=\"external\" target=\"_blank\" rel=\"nofollow external noopener noreferrer\" class=\"ext-link\">&#13;<br \/>\n                    <img loading=\"lazy\" decoding=\"async\" class=\"aligncenter size-full wp-image-575475\" src=\"https:\/\/www.europesays.com\/pt\/wp-content\/uploads\/2025\/12\/1765389372_556_5123dd8b087b644fdb8f8603acd1bad4.png\" alt=\"Siga-nos no Google News\" width=\"176\" height=\"64\"\/>&#13;<br \/>\n                <\/a><\/p>\n","protected":false},"excerpt":{"rendered":"P. Vosteen \/ NSF \/ AUI \/ NSF NRAO Ilustra\u00e7\u00e3o art\u00edstica de um raro trio de gal\u00e1xias em&hellip;\n","protected":false},"author":2,"featured_media":213057,"comment_status":"","ping_status":"","sticky":false,"template":"","format":"standard","meta":{"footnotes":""},"categories":[84],"tags":[122,443,109,107,108,32,33,105,103,104,106,110],"class_list":{"0":"post-213056","1":"post","2":"type-post","3":"status-publish","4":"format-standard","5":"has-post-thumbnail","7":"category-ciencia-e-tecnologia","8":"tag-astrofisica","9":"tag-astronomia","10":"tag-ciencia","11":"tag-ciencia-e-tecnologia","12":"tag-cienciaetecnologia","13":"tag-portugal","14":"tag-pt","15":"tag-science","16":"tag-science-and-technology","17":"tag-scienceandtechnology","18":"tag-technology","19":"tag-tecnologia"},"share_on_mastodon":{"url":"https:\/\/pubeurope.com\/@pt\/115829975526286618","error":""},"_links":{"self":[{"href":"https:\/\/www.europesays.com\/pt\/wp-json\/wp\/v2\/posts\/213056","targetHints":{"allow":["GET"]}}],"collection":[{"href":"https:\/\/www.europesays.com\/pt\/wp-json\/wp\/v2\/posts"}],"about":[{"href":"https:\/\/www.europesays.com\/pt\/wp-json\/wp\/v2\/types\/post"}],"author":[{"embeddable":true,"href":"https:\/\/www.europesays.com\/pt\/wp-json\/wp\/v2\/users\/2"}],"replies":[{"embeddable":true,"href":"https:\/\/www.europesays.com\/pt\/wp-json\/wp\/v2\/comments?post=213056"}],"version-history":[{"count":0,"href":"https:\/\/www.europesays.com\/pt\/wp-json\/wp\/v2\/posts\/213056\/revisions"}],"wp:featuredmedia":[{"embeddable":true,"href":"https:\/\/www.europesays.com\/pt\/wp-json\/wp\/v2\/media\/213057"}],"wp:attachment":[{"href":"https:\/\/www.europesays.com\/pt\/wp-json\/wp\/v2\/media?parent=213056"}],"wp:term":[{"taxonomy":"category","embeddable":true,"href":"https:\/\/www.europesays.com\/pt\/wp-json\/wp\/v2\/categories?post=213056"},{"taxonomy":"post_tag","embeddable":true,"href":"https:\/\/www.europesays.com\/pt\/wp-json\/wp\/v2\/tags?post=213056"}],"curies":[{"name":"wp","href":"https:\/\/api.w.org\/{rel}","templated":true}]}}