{"id":21310,"date":"2025-08-08T15:45:15","date_gmt":"2025-08-08T15:45:15","guid":{"rendered":"https:\/\/www.europesays.com\/pt\/21310\/"},"modified":"2025-08-08T15:45:15","modified_gmt":"2025-08-08T15:45:15","slug":"marco-costa-mostra-lado-mais-emotivo-amar-um-filho-que-nao-e-meu-big-brother","status":"publish","type":"post","link":"https:\/\/www.europesays.com\/pt\/21310\/","title":{"rendered":"Marco Costa mostra lado mais emotivo: \u00abAmar um filho que n\u00e3o \u00e9 meu\u2026\u00bb &#8211; Big Brother"},"content":{"rendered":"<p><a href=\"https:\/\/tvi.iol.pt\/bigbrother\/search?pagina=1&amp;pesquisa=marco+costa\" rel=\"nofollow noopener\" target=\"_blank\"><strong>Marco Costa<\/strong> \u00e9 um pai babado<\/a> e, apesar de s\u00f3 ter uma filha biol\u00f3gica, trata o filho de <strong>Carolina Pinto<\/strong> como se fosse seu tamb\u00e9m. Esta quinta-feira, 7 de agosto, <strong>Vicente<\/strong> completou nove anos e o ex-concorrente da <strong>Casa dos Segredos <\/strong>escreveu-lhe uma bonita dedicat\u00f3ria.<\/p>\n<p>Nas redes sociais, <a href=\"https:\/\/tvi.iol.pt\/bigbrother\/marco-costa\/carolina-pinto\/durante-ferias-de-sonho-marco-costa-sofre-percalco-estou-sem-roupa\" rel=\"nofollow noopener\" target=\"_blank\">o pasteleiro partilhou um conjunto de fotografias do menino<\/a> e, na legenda, dedicou-lhe palavras de amor. <strong>\u00abO Vicente entrou na minha vida com 5 anos\u2026 hoje tem 9! N\u00e3o sou o pai dele. E nunca tentei ser. Mas sou o Marco \u2014 o amigo, o apoio, o que est\u00e1 sempre l\u00e1. A vida deu-me este presente inesperado: amar um filho que n\u00e3o \u00e9 meu\u2026 mas que sinto como se fosse\u00bb<\/strong>, come\u00e7ou por dizer.<\/p>\n<p>E acrescentou: <strong>\u00abRespeito o lugar do pai, mas o meu cora\u00e7\u00e3o criou o seu pr\u00f3prio espa\u00e7o. O Vicente \u00e9 parte de mim. Crescemos juntos nestes anos, lado a lado.<\/strong> Partilhamos gargalhadas, conversas, birras e abra\u00e7os que curam tudo.<strong> Sou o pai do cora\u00e7\u00e3o. E disso, tenho o maior orgulho. Porque amar um filho que a vida te deu\u2026 \u00e9 das maiores provas de amor que se pode viver \ud83d\udc9a<\/strong>\u00bb.\u00a0<\/p>\n<p><strong>\u00abLove you meu puto, mesmo que as vezes me apete\u00e7a dar te uma carolos\u00bb,<\/strong> findou.\u00a0<\/p>\n<p><strong>Veja aqui a publica\u00e7\u00e3o em causa:<\/strong><br \/>\u00a0<\/p>\n<blockquote class=\"instagram-media\" data-instgrm-permalink=\"https:\/\/www.instagram.com\/p\/DNC4FqHMIeZ\/?utm_source=ig_embed&amp;utm_campaign=loading\" data-instgrm-version=\"14\" style=\" background:#FFF; border:0; border-radius:3px; box-shadow:0 0 1px 0 rgba(0,0,0,0.5),0 1px 10px 0 rgba(0,0,0,0.15); margin: 1px; max-width:540px; min-width:326px; padding:0; width:99.375%; width:-webkit-calc(100% - 2px); width:calc(100% - 2px);\">\n<\/blockquote>\n<p>                        <script async src=\"\/\/www.instagram.com\/embed.js\"><\/script><\/p>\n","protected":false},"excerpt":{"rendered":"Marco Costa \u00e9 um pai babado e, apesar de s\u00f3 ter uma filha biol\u00f3gica, trata o filho de&hellip;\n","protected":false},"author":2,"featured_media":21311,"comment_status":"","ping_status":"","sticky":false,"template":"","format":"standard","meta":{"footnotes":""},"categories":[142],"tags":[996,331,48,329,333,328,335,336,114,115,334,332,1870,330,3310,13,32,33,151,162,227],"class_list":{"0":"post-21310","1":"post","2":"type-post","3":"status-publish","4":"format-standard","5":"has-post-thumbnail","7":"category-tv","8":"tag-aniversario","9":"tag-big","10":"tag-big-brother","11":"tag-claudio-ramos","12":"tag-comentadores","13":"tag-concorrentes","14":"tag-confrontos","15":"tag-discussoes","16":"tag-entertainment","17":"tag-entretenimento","18":"tag-exclusivos","19":"tag-expulso","20":"tag-filhos","21":"tag-gala","22":"tag-marco-costa","23":"tag-noticias","24":"tag-portugal","25":"tag-pt","26":"tag-tv","27":"tag-tvi","28":"tag-videos"},"share_on_mastodon":{"url":"","error":""},"_links":{"self":[{"href":"https:\/\/www.europesays.com\/pt\/wp-json\/wp\/v2\/posts\/21310","targetHints":{"allow":["GET"]}}],"collection":[{"href":"https:\/\/www.europesays.com\/pt\/wp-json\/wp\/v2\/posts"}],"about":[{"href":"https:\/\/www.europesays.com\/pt\/wp-json\/wp\/v2\/types\/post"}],"author":[{"embeddable":true,"href":"https:\/\/www.europesays.com\/pt\/wp-json\/wp\/v2\/users\/2"}],"replies":[{"embeddable":true,"href":"https:\/\/www.europesays.com\/pt\/wp-json\/wp\/v2\/comments?post=21310"}],"version-history":[{"count":0,"href":"https:\/\/www.europesays.com\/pt\/wp-json\/wp\/v2\/posts\/21310\/revisions"}],"wp:featuredmedia":[{"embeddable":true,"href":"https:\/\/www.europesays.com\/pt\/wp-json\/wp\/v2\/media\/21311"}],"wp:attachment":[{"href":"https:\/\/www.europesays.com\/pt\/wp-json\/wp\/v2\/media?parent=21310"}],"wp:term":[{"taxonomy":"category","embeddable":true,"href":"https:\/\/www.europesays.com\/pt\/wp-json\/wp\/v2\/categories?post=21310"},{"taxonomy":"post_tag","embeddable":true,"href":"https:\/\/www.europesays.com\/pt\/wp-json\/wp\/v2\/tags?post=21310"}],"curies":[{"name":"wp","href":"https:\/\/api.w.org\/{rel}","templated":true}]}}