{"id":21312,"date":"2025-08-08T15:50:14","date_gmt":"2025-08-08T15:50:14","guid":{"rendered":"https:\/\/www.europesays.com\/pt\/21312\/"},"modified":"2025-08-08T15:50:14","modified_gmt":"2025-08-08T15:50:14","slug":"sharon-revela-reacao-de-ozzy-osbourne-apos-show-de-despedida-nao-sei-por-que-tanta-gente-gosta-de-mim-musica","status":"publish","type":"post","link":"https:\/\/www.europesays.com\/pt\/21312\/","title":{"rendered":"Sharon revela rea\u00e7\u00e3o de Ozzy Osbourne ap\u00f3s show de despedida: &#8216;N\u00e3o sei por que tanta gente gosta de mim&#8217; | M\u00fasica"},"content":{"rendered":"\n<p class=\" content-text__container \" data-track-category=\"Link no Texto\" data-track-links=\"\"> O show de 5 de julho marcou a primeira reuni\u00e3o dos membros originais do Black Sabbath desde 2005. Tocaram juntos com Osbourne o guitarrista Tony Iommi, o baixista Geezer Butler e o bateirista Bill Ward. O espet\u00e1culo ainda contou com as participa\u00e7\u00f5es especiais das bandas Guns N\u2019 Roses, KoRn, Tool, Slayer, Pantera, Metallica, Alice in Chains, Gojira e Anthrax &#8211; al\u00e9m de Steven Tyler, vocalista do Aerosmith. <\/p>\n","protected":false},"excerpt":{"rendered":"O show de 5 de julho marcou a primeira reuni\u00e3o dos membros originais do Black Sabbath desde 2005.&hellip;\n","protected":false},"author":2,"featured_media":21313,"comment_status":"","ping_status":"","sticky":false,"template":"","format":"standard","meta":{"footnotes":""},"categories":[141],"tags":[114,115,149,150,32,33],"class_list":{"0":"post-21312","1":"post","2":"type-post","3":"status-publish","4":"format-standard","5":"has-post-thumbnail","7":"category-musica","8":"tag-entertainment","9":"tag-entretenimento","10":"tag-music","11":"tag-musica","12":"tag-portugal","13":"tag-pt"},"share_on_mastodon":{"url":"","error":""},"_links":{"self":[{"href":"https:\/\/www.europesays.com\/pt\/wp-json\/wp\/v2\/posts\/21312","targetHints":{"allow":["GET"]}}],"collection":[{"href":"https:\/\/www.europesays.com\/pt\/wp-json\/wp\/v2\/posts"}],"about":[{"href":"https:\/\/www.europesays.com\/pt\/wp-json\/wp\/v2\/types\/post"}],"author":[{"embeddable":true,"href":"https:\/\/www.europesays.com\/pt\/wp-json\/wp\/v2\/users\/2"}],"replies":[{"embeddable":true,"href":"https:\/\/www.europesays.com\/pt\/wp-json\/wp\/v2\/comments?post=21312"}],"version-history":[{"count":0,"href":"https:\/\/www.europesays.com\/pt\/wp-json\/wp\/v2\/posts\/21312\/revisions"}],"wp:featuredmedia":[{"embeddable":true,"href":"https:\/\/www.europesays.com\/pt\/wp-json\/wp\/v2\/media\/21313"}],"wp:attachment":[{"href":"https:\/\/www.europesays.com\/pt\/wp-json\/wp\/v2\/media?parent=21312"}],"wp:term":[{"taxonomy":"category","embeddable":true,"href":"https:\/\/www.europesays.com\/pt\/wp-json\/wp\/v2\/categories?post=21312"},{"taxonomy":"post_tag","embeddable":true,"href":"https:\/\/www.europesays.com\/pt\/wp-json\/wp\/v2\/tags?post=21312"}],"curies":[{"name":"wp","href":"https:\/\/api.w.org\/{rel}","templated":true}]}}