{"id":213126,"date":"2026-01-03T09:44:08","date_gmt":"2026-01-03T09:44:08","guid":{"rendered":"https:\/\/www.europesays.com\/pt\/213126\/"},"modified":"2026-01-03T09:44:08","modified_gmt":"2026-01-03T09:44:08","slug":"final-de-stranger-things-arrecada-us-25-mi-nos-cinemas-03-01-2026-ilustrada","status":"publish","type":"post","link":"https:\/\/www.europesays.com\/pt\/213126\/","title":{"rendered":"Final de &#8216;Stranger Things&#8217; arrecada US$ 25 mi nos cinemas &#8211; 03\/01\/2026 &#8211; Ilustrada"},"content":{"rendered":"<p>O epis\u00f3dio final de <a href=\"https:\/\/www1.folha.uol.com.br\/ilustrada\/2026\/01\/nenhuma-serie-expressou-tanto-desespero-no-final-como-stranger-things.shtml\" rel=\"nofollow noopener\" target=\"\">&#8220;Stranger Things&#8221;<\/a>, da <a href=\"https:\/\/www1.folha.uol.com.br\/folha-topicos\/netflix\/\" rel=\"nofollow noopener\" target=\"\">Netflix<\/a>, arrecadou cerca de US$ 25 milh\u00f5es nos cinemas dos <a href=\"https:\/\/www1.folha.uol.com.br\/folha-topicos\/estados-unidos\/\" rel=\"nofollow noopener\" target=\"\">Estados Unidos<\/a>, segundo a <a href=\"https:\/\/www1.folha.uol.com.br\/ilustrada\/2025\/01\/fernanda-torres-deve-levar-globo-de-ouro-sugerem-palpites-da-revista-variety.shtml\" rel=\"nofollow noopener\" target=\"\">Variety<\/a>, revista americana especializada na cobertura de entretenimento. O cap\u00edtulo tamb\u00e9m foi exibido em sess\u00f5es no <a href=\"https:\/\/www1.folha.uol.com.br\/folha-topicos\/canada\/\" rel=\"nofollow noopener\" target=\"\">Canad\u00e1<\/a>.<\/p>\n<p>Em <a href=\"https:\/\/www1.folha.uol.com.br\/folha-topicos\/los-angeles\/\" rel=\"nofollow noopener\" target=\"\">Los Angeles<\/a>, na <a href=\"https:\/\/www1.folha.uol.com.br\/folha-topicos\/california\/\" rel=\"nofollow noopener\" target=\"\">California<\/a>, f\u00e3s ficaram horas na chuva do lado de fora do Egyptian Theatre, na Hollywood Boulevard, para assistir \u00e0 s\u00e9rie em um dos cinemas da Netflix. A gigante do streaming, que atualmente est\u00e1 tentando comprar a <a href=\"https:\/\/www1.folha.uol.com.br\/folha-topicos\/warner\/\" rel=\"nofollow noopener\" target=\"_blank\">Warner Bros<\/a>, renovou o hist\u00f3rico teatro de 1922 e agora o utiliza para realizar estreias e exibi\u00e7\u00f5es especiais de projetos.<\/p>\n<p>Conforme a revista americana, a AMC, principal rede de cinema dos Estados Unidos, teria ganhado US$ 15 milh\u00f5es com mais de 753 mil pessoas que compraram alimentos e bebidas para as sess\u00f5es.<\/p>\n<p>Ambientada na cidade fict\u00edcia de Hawkins, Indiana, &#8220;Stranger Things&#8221; foi ao ar pela primeira vez em 2016 e \u00e9 estrelada por <a href=\"https:\/\/www1.folha.uol.com.br\/folha-topicos\/millie-bobby-brown\/\" rel=\"nofollow noopener\" target=\"_blank\">Millie Bobby Brown<\/a>, <a href=\"https:\/\/www1.folha.uol.com.br\/fsp\/ilustrad\/fq2912200029.htm\" rel=\"nofollow noopener\" target=\"_blank\">Winona Ryder<\/a> e <a href=\"https:\/\/www1.folha.uol.com.br\/ilustrada\/2025\/12\/stranger-things-as-teorias-sobre-o-que-pode-acontecer-no-final-da-serie.shtml\" rel=\"nofollow noopener\" target=\"_blank\">David Harbour<\/a>. O dram\u00e1tico final da s\u00e9rie, com duas horas de dura\u00e7\u00e3o, intitulado &#8220;Cap\u00edtulo Oito: The Rightside Up&#8221;, inicialmente sobrecarregou os servidores da Netflix.<\/p>\n","protected":false},"excerpt":{"rendered":"O epis\u00f3dio final de &#8220;Stranger Things&#8221;, da Netflix, arrecadou cerca de US$ 25 milh\u00f5es nos cinemas dos Estados&hellip;\n","protected":false},"author":2,"featured_media":213127,"comment_status":"","ping_status":"","sticky":false,"template":"","format":"standard","meta":{"footnotes":""},"categories":[140],"tags":[41291,114,115,147,148,236,146,32,33],"class_list":{"0":"post-213126","1":"post","2":"type-post","3":"status-publish","4":"format-standard","5":"has-post-thumbnail","7":"category-filmes","8":"tag-cinema-e-series","9":"tag-entertainment","10":"tag-entretenimento","11":"tag-film","12":"tag-filmes","13":"tag-folha","14":"tag-movies","15":"tag-portugal","16":"tag-pt"},"share_on_mastodon":{"url":"https:\/\/pubeurope.com\/@pt\/115830525972560871","error":""},"_links":{"self":[{"href":"https:\/\/www.europesays.com\/pt\/wp-json\/wp\/v2\/posts\/213126","targetHints":{"allow":["GET"]}}],"collection":[{"href":"https:\/\/www.europesays.com\/pt\/wp-json\/wp\/v2\/posts"}],"about":[{"href":"https:\/\/www.europesays.com\/pt\/wp-json\/wp\/v2\/types\/post"}],"author":[{"embeddable":true,"href":"https:\/\/www.europesays.com\/pt\/wp-json\/wp\/v2\/users\/2"}],"replies":[{"embeddable":true,"href":"https:\/\/www.europesays.com\/pt\/wp-json\/wp\/v2\/comments?post=213126"}],"version-history":[{"count":0,"href":"https:\/\/www.europesays.com\/pt\/wp-json\/wp\/v2\/posts\/213126\/revisions"}],"wp:featuredmedia":[{"embeddable":true,"href":"https:\/\/www.europesays.com\/pt\/wp-json\/wp\/v2\/media\/213127"}],"wp:attachment":[{"href":"https:\/\/www.europesays.com\/pt\/wp-json\/wp\/v2\/media?parent=213126"}],"wp:term":[{"taxonomy":"category","embeddable":true,"href":"https:\/\/www.europesays.com\/pt\/wp-json\/wp\/v2\/categories?post=213126"},{"taxonomy":"post_tag","embeddable":true,"href":"https:\/\/www.europesays.com\/pt\/wp-json\/wp\/v2\/tags?post=213126"}],"curies":[{"name":"wp","href":"https:\/\/api.w.org\/{rel}","templated":true}]}}