{"id":213145,"date":"2026-01-03T10:04:10","date_gmt":"2026-01-03T10:04:10","guid":{"rendered":"https:\/\/www.europesays.com\/pt\/213145\/"},"modified":"2026-01-03T10:04:10","modified_gmt":"2026-01-03T10:04:10","slug":"chefe-dos-espioes-ucranianos-assume-gabinete-de-zelensky-em-momento-critico-para-a-ucrania","status":"publish","type":"post","link":"https:\/\/www.europesays.com\/pt\/213145\/","title":{"rendered":"Chefe dos Espi\u00f5es Ucranianos Assume Gabinete de Zelensky em Momento Cr\u00edtico para a Ucr\u00e2nia"},"content":{"rendered":"\n<p>\u201cAceitei a proposta do presidente da Ucr\u00e2nia, Volodymyr Zelensky, para assumir o cargo de chefe do seu Gabinete. Continuo a servir a Ucr\u00e2nia. Encaro a fun\u00e7\u00e3o de chefe do Gabinete do Presidente como mais um marco de responsabilidade para com o pa\u00eds. Para mim, \u00e9 uma honra e uma responsabilidade, num momento hist\u00f3rico para a Ucr\u00e2nia, concentrar-me em quest\u00f5es de import\u00e2ncia cr\u00edtica para a seguran\u00e7a estrat\u00e9gica do nosso Estado\u201d, confirmou Budanov, tamb\u00e9m numa publica\u00e7\u00e3o nas redes sociais.<\/p>\n<p><strong>Com 39 anos e at\u00e9 agora chefe dos servi\u00e7os de informa\u00e7\u00e3o militar (GUR), Budanov \u00e9 uma das figuras mais enigm\u00e1ticas e influentes do aparelho de seguran\u00e7a ucraniano. Conhecido como o \u201chomem sem sorriso\u201d, construiu uma forte reputa\u00e7\u00e3o atrav\u00e9s de algumas opera\u00e7\u00f5es clandestinas bem sucedidas contra a R\u00fassia<\/strong>.<\/p>\n<p>Pouco antes da invas\u00e3o russa em grande escala, em fevereiro de 2022, Budanov alertou para um ataque iminente, numa altura em que grande parte da comunidade internacional ainda duvidava das inten\u00e7\u00f5es de Moscovo. Entre apoiantes, \u00e9 descrito como um mestre da guerra assim\u00e9trica, capaz de combinar opera\u00e7\u00f5es militares, sabotagem e press\u00e3o psicol\u00f3gica, descrevem as ag\u00eancias internacionais.<\/p>\n<p>Natural de Kiev, formou-se no instituto de paraquedistas de Odessa. Em 2014, esteve envolvido nas primeiras fases do conflito no leste da Ucr\u00e2nia, ap\u00f3s a anexa\u00e7\u00e3o da Crimeia pela R\u00fassia. Uma das poucas opera\u00e7\u00f5es conhecidas do seu percurso \u00e9 a participa\u00e7\u00e3o num raid na Crimeia, em 2016, que resultou na morte de agentes russos.<\/p>\n<p>O seu curr\u00edculo inclui miss\u00f5es especiais, coordena\u00e7\u00e3o de trocas de prisioneiros e lideran\u00e7a de opera\u00e7\u00f5es de alto risco. <strong>Foi ferido tr\u00eas vezes em servi\u00e7o e sobreviveu a v\u00e1rias tentativas de assassinato. Carrega, ali\u00e1s, no bra\u00e7o direito sequelas vis\u00edveis de uma ferida de bala.<\/strong> Em 2019, viu o seu carro explodir em Kiev, num ataque atribu\u00eddo aos servi\u00e7os secretos russos. J\u00e1 em novembro de 2023, a sua mulher, Marianna Budanova, foi alvo de envenenamento, do qual ainda est\u00e1 a recuperar. Nesse mesmo ano, Moscovo chegou a acreditar ter matado Budanov num ataque, o que se provou manifestamente exagerado.<\/p>\n<p><strong>Sob a sua chefia, a intelig\u00eancia militar ucraniana reivindicou ataques dentro do territ\u00f3rio russo, incluindo um ataque com drones a uma refinaria de petr\u00f3leo em S\u00e3o Petersburgo, em janeiro de 2024, longe da linha da frente, ou o afundamento de um navio de guerra russo na Crimeia<\/strong>, opera\u00e7\u00f5es que aumentaram a sua popularidade junto da opini\u00e3o p\u00fablica ucraniana. Em setembro de 2023, numa confer\u00eancia internacional em Kiev, Budanov recebeu uma ova\u00e7\u00e3o de p\u00e9 antes mesmo de discursar; em 2024, Zelensky distinguiu-o com o t\u00edtulo de Her\u00f3i da Ucr\u00e2nia.<\/p>\n<p>Agora, Budanov assume um dos cargos mais poderosos do Estado ucraniano. A sua nomea\u00e7\u00e3o surge num contexto sens\u00edvel, depois de Yermak, antigo bra\u00e7o direito de Zelensky e negociador-chefe em contactos diplom\u00e1ticos com os Estados Unidos, ter abandonado o cargo em novembro, ap\u00f3s investiga\u00e7\u00f5es a um alegado esquema de corrup\u00e7\u00e3o no setor da energia, que ter\u00e1 envolvido cerca de100 milh\u00f5es de d\u00f3lares. Apesar de Yermak n\u00e3o ter sido formalmente acusado, o caso gerou forte indigna\u00e7\u00e3o p\u00fablica e a press\u00e3o interna e externa acabou por levar \u00e0 sua sa\u00edda.<\/p>\n<p>Ao anunciar a escolha de Budanov, Zelensky sublinhou a necessidade de refor\u00e7ar o foco na seguran\u00e7a, na defesa e na via diplom\u00e1tica. <strong>\u201cA Ucr\u00e2nia precisa de resultados\u201d,<\/strong> <strong>escreveu o presidente,<\/strong> justificando a aposta num homem com experi\u00eancia direta na guerra e nos servi\u00e7os de seguran\u00e7a.<\/p>\n<p>Na sua primeira rea\u00e7\u00e3o p\u00fablica, <strong>Budanov afirmou que aceita o cargo como \u201cuma honra e uma responsabilidade hist\u00f3rica\u201d, prometendo continuar a servir o pa\u00eds \u201cat\u00e9 \u00e0 vit\u00f3ria e a uma paz justa\u201d.<\/strong><\/p>\n<p>Com ag\u00eancias<\/p>\n","protected":false},"excerpt":{"rendered":"\u201cAceitei a proposta do presidente da Ucr\u00e2nia, Volodymyr Zelensky, para assumir o cargo de chefe do seu Gabinete.&hellip;\n","protected":false},"author":2,"featured_media":213146,"comment_status":"","ping_status":"","sticky":false,"template":"","format":"standard","meta":{"footnotes":""},"categories":[50],"tags":[27,28,33133,15,16,889,14,41630,25,26,21,22,62,12,13,19,20,23,24,17,18,29,30,31,2416,63,64,65],"class_list":{"0":"post-213145","1":"post","2":"type-post","3":"status-publish","4":"format-standard","5":"has-post-thumbnail","7":"category-mundo","8":"tag-breaking-news","9":"tag-breakingnews","10":"tag-espiao","11":"tag-featured-news","12":"tag-featurednews","13":"tag-guerra-na-ucrania","14":"tag-headlines","15":"tag-kyrylo-budanov","16":"tag-latest-news","17":"tag-latestnews","18":"tag-main-news","19":"tag-mainnews","20":"tag-mundo","21":"tag-news","22":"tag-noticias","23":"tag-noticias-principais","24":"tag-noticiasprincipais","25":"tag-principais-noticias","26":"tag-principaisnoticias","27":"tag-top-stories","28":"tag-topstories","29":"tag-ultimas","30":"tag-ultimas-noticias","31":"tag-ultimasnoticias","32":"tag-volodymyr-zelensky","33":"tag-world","34":"tag-world-news","35":"tag-worldnews"},"share_on_mastodon":{"url":"https:\/\/pubeurope.com\/@pt\/115830604639455686","error":""},"_links":{"self":[{"href":"https:\/\/www.europesays.com\/pt\/wp-json\/wp\/v2\/posts\/213145","targetHints":{"allow":["GET"]}}],"collection":[{"href":"https:\/\/www.europesays.com\/pt\/wp-json\/wp\/v2\/posts"}],"about":[{"href":"https:\/\/www.europesays.com\/pt\/wp-json\/wp\/v2\/types\/post"}],"author":[{"embeddable":true,"href":"https:\/\/www.europesays.com\/pt\/wp-json\/wp\/v2\/users\/2"}],"replies":[{"embeddable":true,"href":"https:\/\/www.europesays.com\/pt\/wp-json\/wp\/v2\/comments?post=213145"}],"version-history":[{"count":0,"href":"https:\/\/www.europesays.com\/pt\/wp-json\/wp\/v2\/posts\/213145\/revisions"}],"wp:featuredmedia":[{"embeddable":true,"href":"https:\/\/www.europesays.com\/pt\/wp-json\/wp\/v2\/media\/213146"}],"wp:attachment":[{"href":"https:\/\/www.europesays.com\/pt\/wp-json\/wp\/v2\/media?parent=213145"}],"wp:term":[{"taxonomy":"category","embeddable":true,"href":"https:\/\/www.europesays.com\/pt\/wp-json\/wp\/v2\/categories?post=213145"},{"taxonomy":"post_tag","embeddable":true,"href":"https:\/\/www.europesays.com\/pt\/wp-json\/wp\/v2\/tags?post=213145"}],"curies":[{"name":"wp","href":"https:\/\/api.w.org\/{rel}","templated":true}]}}