{"id":213154,"date":"2026-01-03T10:12:07","date_gmt":"2026-01-03T10:12:07","guid":{"rendered":"https:\/\/www.europesays.com\/pt\/213154\/"},"modified":"2026-01-03T10:12:07","modified_gmt":"2026-01-03T10:12:07","slug":"harry-potter-warwick-davis-diz-que-serie-da-hbo-e-muito-fiel-aos-livros-e-comenta-retorno","status":"publish","type":"post","link":"https:\/\/www.europesays.com\/pt\/213154\/","title":{"rendered":"Harry Potter | Warwick Davis diz que s\u00e9rie da HBO \u00e9 &#8220;muito fiel&#8221; aos livros e comenta retorno"},"content":{"rendered":"<p class=\"wp-block-yoast-seo-estimated-reading-time yoast-reading-time__wrapper\">Estimated reading time: 2 minutos<\/p>\n<p>O ator <strong>Warwick Davis<\/strong>, \u00fanico membro do elenco principal dos filmes originais confirmado para retornar na nova s\u00e9rie de <a href=\"https:\/\/ovicio.com.br\/tag\/harry-potter\" rel=\"nofollow noopener\" target=\"_blank\">Harry Potter<\/a>, trouxe atualiza\u00e7\u00f5es animadoras sobre a produ\u00e7\u00e3o.<\/p>\n<p>Em entrevista \u00e0 Times Radio (via <a href=\"https:\/\/deadline.com\/2026\/01\/harry-potter-warwick-davis-series-very-faithful-books-1236660699\/\" target=\"_blank\" rel=\"noreferrer noopener nofollow\">Deadline<\/a>), Davis \u2014 que reprisar\u00e1 o papel do <strong>Professor Flitwick<\/strong> (mas ceder\u00e1 o papel do duende <strong>Grampo<\/strong> para <strong>Leigh Gill<\/strong>) \u2014 garantiu que a nova adapta\u00e7\u00e3o da <strong>HBO<\/strong> aproveitar\u00e1 o formato televisivo para mergulhar no material original de <strong>J.K. Rowling<\/strong>.<\/p>\n<blockquote class=\"wp-block-quote is-layout-flow wp-block-quote-is-layout-flow\">\n<p><strong>&#8220;Estou trabalhando nisso no momento [&#8230;] estamos recontando essas hist\u00f3rias maravilhosas com mais profundidade e detalhes do que nunca&#8221;<\/strong>, afirmou o ator. <strong>&#8220;S\u00e3o adapta\u00e7\u00f5es muito fi\u00e9is ao livro.&#8221;<\/strong><\/p>\n<\/blockquote>\n<p>Davis tamb\u00e9m comentou a sensa\u00e7\u00e3o de nostalgia ao voltar aos mesmos est\u00fadios em Leavesden, onde os oito filmes foram gravados: <strong>&#8220;\u00c9 estranho estar de volta aos mesmos est\u00fadios, fazendo tudo de novo&#8221;<\/strong>.<\/p>\n<p>A produ\u00e7\u00e3o continua avan\u00e7ando em meio \u00e0s controv\u00e9rsias envolvendo as opini\u00f5es de <strong>J.K. Rowling<\/strong> sobre a comunidade trans. A tens\u00e3o se reflete at\u00e9 mesmo no elenco: <strong>Paapa Essiedu<\/strong>, escalado para viver o novo <strong>Professor Snape<\/strong>, foi um dos mais de 400 signat\u00e1rios de uma carta aberta cobrando posicionamentos da ind\u00fastria em prol dos direitos trans.<\/p>\n<p>A s\u00e9rie de <strong>Harry Potter<\/strong> tem previs\u00e3o de estreia na <strong>HBO<\/strong> para <strong>2027<\/strong>.<\/p>\n<p>Leia tamb\u00e9m sobre Harry Potter:<\/p>\n","protected":false},"excerpt":{"rendered":"Estimated reading time: 2 minutos O ator Warwick Davis, \u00fanico membro do elenco principal dos filmes originais confirmado&hellip;\n","protected":false},"author":2,"featured_media":171099,"comment_status":"","ping_status":"","sticky":false,"template":"","format":"standard","meta":{"footnotes":""},"categories":[140],"tags":[114,115,147,148,700,1626,146,32,33],"class_list":{"0":"post-213154","1":"post","2":"type-post","3":"status-publish","4":"format-standard","5":"has-post-thumbnail","7":"category-filmes","8":"tag-entertainment","9":"tag-entretenimento","10":"tag-film","11":"tag-filmes","12":"tag-harry-potter","13":"tag-hbo","14":"tag-movies","15":"tag-portugal","16":"tag-pt"},"share_on_mastodon":{"url":"https:\/\/pubeurope.com\/@pt\/115830636226470684","error":""},"_links":{"self":[{"href":"https:\/\/www.europesays.com\/pt\/wp-json\/wp\/v2\/posts\/213154","targetHints":{"allow":["GET"]}}],"collection":[{"href":"https:\/\/www.europesays.com\/pt\/wp-json\/wp\/v2\/posts"}],"about":[{"href":"https:\/\/www.europesays.com\/pt\/wp-json\/wp\/v2\/types\/post"}],"author":[{"embeddable":true,"href":"https:\/\/www.europesays.com\/pt\/wp-json\/wp\/v2\/users\/2"}],"replies":[{"embeddable":true,"href":"https:\/\/www.europesays.com\/pt\/wp-json\/wp\/v2\/comments?post=213154"}],"version-history":[{"count":0,"href":"https:\/\/www.europesays.com\/pt\/wp-json\/wp\/v2\/posts\/213154\/revisions"}],"wp:featuredmedia":[{"embeddable":true,"href":"https:\/\/www.europesays.com\/pt\/wp-json\/wp\/v2\/media\/171099"}],"wp:attachment":[{"href":"https:\/\/www.europesays.com\/pt\/wp-json\/wp\/v2\/media?parent=213154"}],"wp:term":[{"taxonomy":"category","embeddable":true,"href":"https:\/\/www.europesays.com\/pt\/wp-json\/wp\/v2\/categories?post=213154"},{"taxonomy":"post_tag","embeddable":true,"href":"https:\/\/www.europesays.com\/pt\/wp-json\/wp\/v2\/tags?post=213154"}],"curies":[{"name":"wp","href":"https:\/\/api.w.org\/{rel}","templated":true}]}}