{"id":213161,"date":"2026-01-03T10:20:10","date_gmt":"2026-01-03T10:20:10","guid":{"rendered":"https:\/\/www.europesays.com\/pt\/213161\/"},"modified":"2026-01-03T10:20:10","modified_gmt":"2026-01-03T10:20:10","slug":"benfica-district-assembleia-geral-direto-clube","status":"publish","type":"post","link":"https:\/\/www.europesays.com\/pt\/213161\/","title":{"rendered":"Benfica District Assembleia Geral Direto Clube"},"content":{"rendered":"<p>&#13;<br \/>\n&#13;<br \/>\n                        Clube&#13;\n                    <\/p>\n<p class=\"news-title\">Benfica District em confer\u00eancia de imprensa<\/p>\n<p>&#13;<br \/>\n                        Nuno Catarino, vice-presidente e CFO do Sport Lisboa e Benfica, Jos\u00e9 Gandarez e Manuel de Brito, vice-presidentes do Clube com os pelouros comercial e sustentabilidade, respetivamente, explicaram os contornos do projeto Benfica District nesta sexta-feira, 2 de janeiro, em confer\u00eancia de imprensa realizada no Est\u00e1dio da Luz, sublinhando o &#8220;impacto positivo nas contas do Benfica&#8221;. &#8220;Vai mudar radicalmente a nossa experi\u00eancia enquanto adepto e s\u00f3cio, e potenciar muito a receita do Clube&#8221;, afirmou Jos\u00e9 Gandarez. Manuel de Brito falou de &#8220;uma oportunidade para melhorar acessos e para mostrar um exemplo que tem em considera\u00e7\u00e3o todas as vertentes da sustentabilidade&#8221;. Nuno Catarino refor\u00e7ou a resposta &#8220;positiva&#8221; dos s\u00f3cios ao projeto, lan\u00e7ando um apelo aos Benfiquistas a prop\u00f3sito da Assembleia Geral Extraordin\u00e1ria deste s\u00e1bado, 3 de janeiro, onde o Benfica District ser\u00e1 objeto de discuss\u00e3o e vota\u00e7\u00e3o: &#8220;O Benfica \u00e9 um clube do mundo, desejamos a maior participa\u00e7\u00e3o poss\u00edvel.&#8221;&#13;\n                    <\/p>\n","protected":false},"excerpt":{"rendered":"&#13; &#13; Clube&#13; Benfica District em confer\u00eancia de imprensa &#13; Nuno Catarino, vice-presidente e CFO do Sport Lisboa&hellip;\n","protected":false},"author":2,"featured_media":213162,"comment_status":"","ping_status":"","sticky":false,"template":"","format":"standard","meta":{"footnotes":""},"categories":[8],"tags":[27,28,15,16,14,25,26,21,22,12,13,19,20,32,23,24,33,17,18,29,30,31],"class_list":{"0":"post-213161","1":"post","2":"type-post","3":"status-publish","4":"format-standard","5":"has-post-thumbnail","7":"category-principais-noticias","8":"tag-breaking-news","9":"tag-breakingnews","10":"tag-featured-news","11":"tag-featurednews","12":"tag-headlines","13":"tag-latest-news","14":"tag-latestnews","15":"tag-main-news","16":"tag-mainnews","17":"tag-news","18":"tag-noticias","19":"tag-noticias-principais","20":"tag-noticiasprincipais","21":"tag-portugal","22":"tag-principais-noticias","23":"tag-principaisnoticias","24":"tag-pt","25":"tag-top-stories","26":"tag-topstories","27":"tag-ultimas","28":"tag-ultimas-noticias","29":"tag-ultimasnoticias"},"share_on_mastodon":{"url":"https:\/\/pubeurope.com\/@pt\/115830667591394786","error":""},"_links":{"self":[{"href":"https:\/\/www.europesays.com\/pt\/wp-json\/wp\/v2\/posts\/213161","targetHints":{"allow":["GET"]}}],"collection":[{"href":"https:\/\/www.europesays.com\/pt\/wp-json\/wp\/v2\/posts"}],"about":[{"href":"https:\/\/www.europesays.com\/pt\/wp-json\/wp\/v2\/types\/post"}],"author":[{"embeddable":true,"href":"https:\/\/www.europesays.com\/pt\/wp-json\/wp\/v2\/users\/2"}],"replies":[{"embeddable":true,"href":"https:\/\/www.europesays.com\/pt\/wp-json\/wp\/v2\/comments?post=213161"}],"version-history":[{"count":0,"href":"https:\/\/www.europesays.com\/pt\/wp-json\/wp\/v2\/posts\/213161\/revisions"}],"wp:featuredmedia":[{"embeddable":true,"href":"https:\/\/www.europesays.com\/pt\/wp-json\/wp\/v2\/media\/213162"}],"wp:attachment":[{"href":"https:\/\/www.europesays.com\/pt\/wp-json\/wp\/v2\/media?parent=213161"}],"wp:term":[{"taxonomy":"category","embeddable":true,"href":"https:\/\/www.europesays.com\/pt\/wp-json\/wp\/v2\/categories?post=213161"},{"taxonomy":"post_tag","embeddable":true,"href":"https:\/\/www.europesays.com\/pt\/wp-json\/wp\/v2\/tags?post=213161"}],"curies":[{"name":"wp","href":"https:\/\/api.w.org\/{rel}","templated":true}]}}