{"id":213168,"date":"2026-01-03T10:27:18","date_gmt":"2026-01-03T10:27:18","guid":{"rendered":"https:\/\/www.europesays.com\/pt\/213168\/"},"modified":"2026-01-03T10:27:18","modified_gmt":"2026-01-03T10:27:18","slug":"uma-duvida-argentina-que-tudo-muda-o-onze-provavel-do-benfica","status":"publish","type":"post","link":"https:\/\/www.europesays.com\/pt\/213168\/","title":{"rendered":"Uma d\u00favida argentina que tudo muda: o onze prov\u00e1vel do Benfica"},"content":{"rendered":"<p>A les\u00e3o sofrida por <a target=\"_blank\" class=\"editor-link autolink-enabled\" href=\"https:\/\/www.abola.pt\/futebol\/jogador\/enzo-barrenechea-256083\" data-resource-id=\"256083\" data-resource-type=\"player\" data-sport=\"football\" rel=\"nofollow noopener\">Enzo Barrenechea<\/a> no ombro esquerdo num treino do <a target=\"_blank\" class=\"editor-link autolink-enabled\" href=\"https:\/\/www.abola.pt\/futebol\/benfica-450\" data-resource-id=\"450\" data-resource-type=\"team\" data-sport=\"football\" rel=\"nofollow noopener\">Benfica<\/a> na v\u00e9spera da rece\u00e7\u00e3o ao <a target=\"_blank\" class=\"editor-link autolink-enabled\" href=\"https:\/\/www.abola.pt\/futebol\/estoril-461\" data-resource-id=\"461\" data-resource-type=\"team\" data-sport=\"football\" rel=\"nofollow noopener\">Estoril<\/a> baralhou as contas de Jos\u00e9 Mourinho para o duelo contra os canarinhos, com pontap\u00e9 de sa\u00edda agendado para as 20h. O problema f\u00edsico sugerido por uma fotografia publicada pelo m\u00e9dio argentino de bra\u00e7o ao peito na rede social instagram e, posteriormente, confirmado pelas \u00e1guias coloca um ponto de interroga\u00e7\u00e3o no meio-campo.<\/p>\n<p><a target=\"_blank\" class=\"editor-link autolink-enabled\" href=\"https:\/\/www.abola.pt\/futebol\/jogador\/manu-silva-229088\" data-resource-id=\"229088\" data-resource-type=\"player\" data-sport=\"football\" rel=\"nofollow noopener\"><a class=\"autolink-enabled\" data-resource-id=\"229088\" data-resource-type=\"player\" data-sport=\"football\" href=\"https:\/\/www.abola.pt\/futebol\/jogador\/manu-silva-229088\" rel=\"nofollow noopener\" target=\"_blank\">Manu Silva<\/a> \u00e9 o substituto natural do m\u00e9dio argentino, titular em 29 dos 31 jogos disputados pelas \u00e1guias at\u00e9 o momento. O m\u00e9dio luso foi op\u00e7\u00e3o inicial na visita do <a class=\"autolink-enabled\" data-resource-id=\"450\" data-resource-type=\"team\" data-sport=\"football\" href=\"https:\/\/www.abola.pt\/futebol\/benfica-450\" rel=\"nofollow noopener\" target=\"_blank\">Benfica<\/a> ao <a class=\"autolink-enabled\" data-resource-id=\"441\" data-resource-type=\"team\" data-sport=\"football\" href=\"https:\/\/www.abola.pt\/futebol\/farense-441\" rel=\"nofollow noopener\" target=\"_blank\">Farense<\/a>, nos oitavos de final da <a class=\"autolink-enabled\" data-resource-id=\"112\" data-resource-type=\"competition\" data-sport=\"football\" href=\"https:\/\/www.abola.pt\/futebol\/competicao\/taca-de-portugal-112\" rel=\"nofollow noopener\" target=\"_blank\">Ta\u00e7a de Portugal<\/a>, a 17 de dezembro de 2024, no lugar habitualmente ocupado pelo companheiro de setor.<\/p>\n<p>A titularidade no Est\u00e1dio de S\u00e3o Lu\u00eds foi a primeira somada por Manu desde que sofreu uma rotura completa do ligamento cruzado anterior do joelho esquerdo, a 8 de fevereiro de 2024. O m\u00e9dio luso j\u00e1 somou 105 minutos distribu\u00eddos por cinco jogos desde que regressou aos relvados, mas Jos\u00e9 Mourinho, na confer\u00eancia de imprensa de antevis\u00e3o ao duelo contra o SC Braga admitiu que ainda n\u00e3o se encontra a 100%: \u00abApesar de j\u00e1 estar a jogar connosco, \u00e9 f\u00e1cil de perceber algum atraso no que \u00e9 o verdadeiro <a target=\"_blank\" class=\"editor-link autolink-enabled\" href=\"https:\/\/www.abola.pt\/futebol\/jogador\/manu-silva-229088\" data-resource-id=\"229088\" data-resource-type=\"player\" data-sport=\"football\" rel=\"nofollow noopener\">Manu<\/a>.\u00bb<\/p>\n<p>Caso Jos\u00e9 Mourinho opte por continuar a gerir <a class=\"autolink-enabled\" data-resource-id=\"229088\" data-resource-type=\"player\" data-sport=\"football\" href=\"https:\/\/www.abola.pt\/futebol\/jogador\/manu-silva-229088\" rel=\"nofollow noopener\" target=\"_blank\">Manu Silva<\/a> com pin\u00e7as, as mudan\u00e7as tornam-se inevit\u00e1veis. O t\u00e9cnico de 62 anos pode optar pela utiliza\u00e7\u00e3o de <a class=\"autolink-enabled\" data-resource-id=\"59583\" data-resource-type=\"player\" data-sport=\"football\" href=\"https:\/\/www.abola.pt\/futebol\/jogador\/fredrik-aursnes-59583\" rel=\"nofollow noopener\" target=\"_blank\">Fredrik Aursnes<\/a> no centro de terreno ao lado de <a class=\"autolink-enabled\" data-resource-id=\"224774\" data-resource-type=\"player\" data-sport=\"football\" href=\"https:\/\/www.abola.pt\/futebol\/jogador\/richard-rios-224774\" rel=\"nofollow noopener\" target=\"_blank\">Richard R\u00edos<\/a>, na posi\u00e7\u00e3o de origem que, ainda assim, tem ocupado parcas vezes desde o ingresso nos encarnados, no ver\u00e3o de 2022.<\/p>\n<p><a target=\"_blank\" class=\"editor-link autolink-enabled\" href=\"https:\/\/www.abola.pt\/futebol\/jogador\/fredrik-aursnes-59583\" data-resource-id=\"59583\" data-resource-type=\"player\" data-sport=\"football\" rel=\"nofollow noopener\">Aursnes<\/a>, ainda assim, substituiu <a target=\"_blank\" class=\"editor-link autolink-enabled\" href=\"https:\/\/www.abola.pt\/futebol\/jogador\/enzo-barrenechea-256083\" data-resource-id=\"256083\" data-resource-type=\"player\" data-sport=\"football\" rel=\"nofollow noopener\">Barrenechea<\/a> no \u00fanico duelo da Liga que o m\u00e9dio argentino falhou esta \u00e9poca, diante do <a target=\"_blank\" class=\"editor-link autolink-enabled\" href=\"https:\/\/www.abola.pt\/futebol\/gil-vicente-447\" data-resource-id=\"447\" data-resource-type=\"team\" data-sport=\"football\" rel=\"nofollow noopener\">Gil<\/a> Vicente, a 26 de setembro. O m\u00e9dio noruegu\u00eas tamb\u00e9m jogou a m\u00e9dio centro diante do <a target=\"_blank\" class=\"editor-link autolink-enabled\" href=\"https:\/\/www.abola.pt\/futebol\/fc-porto-451\" data-resource-id=\"451\" data-resource-type=\"team\" data-sport=\"football\" rel=\"nofollow noopener\">FC Porto<\/a> (0-0), a 5 de outubro, e na casa do Nacional (2-1), a 29 de novembro.<\/p>\n<p>A utiliza\u00e7\u00e3o de <a class=\"autolink-enabled\" data-resource-id=\"59583\" data-resource-type=\"player\" data-sport=\"football\" href=\"https:\/\/www.abola.pt\/futebol\/jogador\/fredrik-aursnes-59583\" rel=\"nofollow noopener\" target=\"_blank\">Aursnes<\/a> na dupla de meio-campo pode promover o regresso \u00e0 titularida de <a class=\"autolink-enabled\" data-resource-id=\"89713\" data-resource-type=\"player\" data-sport=\"football\" href=\"https:\/\/www.abola.pt\/futebol\/jogador\/gianluca-scamacca-89713\" rel=\"nofollow noopener\" target=\"_blank\">Gianluca<\/a> <a class=\"autolink-enabled\" href=\"https:\/\/www.abola.pt\/futebol\/jogador\/prestianni-258465\" data-resource-id=\"258465\" data-resource-type=\"player\" data-sport=\"football\" rel=\"nofollow noopener\" target=\"_blank\">Prestianni<\/a>. O jovem de 19 anos foi titular em duas das \u00faltimas tr\u00eas partidas disputadas pelas \u00e1guias, mas regressou ao banco de suplentes em <a class=\"autolink-enabled\" data-resource-id=\"457\" data-resource-type=\"team\" data-sport=\"football\" href=\"https:\/\/www.abola.pt\/futebol\/sc-braga-457\" rel=\"nofollow noopener\" target=\"_blank\">Braga<\/a>, no \u00faltimo jogo  de 2025.<\/p>\n<p>Jos\u00e9 Mourinho pode ainda optar por uma solu\u00e7\u00e3o mais radical: utiliza\u00e7\u00e3o de dois pontas de lan\u00e7a. <a class=\"autolink-enabled\" data-resource-id=\"266227\" data-resource-type=\"player\" data-sport=\"football\" href=\"https:\/\/www.abola.pt\/futebol\/jogador\/franjo-ivanovic-266227\" rel=\"nofollow noopener\" target=\"_blank\">Franjo Ivanovic<\/a> e Vangelis <a class=\"autolink-enabled\" data-resource-id=\"55942\" data-resource-type=\"player\" data-sport=\"football\" href=\"https:\/\/www.abola.pt\/futebol\/jogador\/pavlidis-55942\" rel=\"nofollow noopener\" target=\"_blank\">Pavlidis<\/a> podem voltar a jogar juntos de in\u00edcio pela primeira vez desde o duelo disputado pelas \u00e1guias contra o <a class=\"autolink-enabled\" data-resource-id=\"209\" data-resource-type=\"team\" data-sport=\"football\" href=\"https:\/\/www.abola.pt\/futebol\/atletico-madrid-209\" rel=\"nofollow noopener\" target=\"_blank\">Atl\u00e9tico<\/a>, na quarta eliminat\u00f3ria da <a class=\"autolink-enabled\" data-resource-id=\"112\" data-resource-type=\"competition\" data-sport=\"football\" href=\"https:\/\/www.abola.pt\/futebol\/competicao\/taca-de-portugal-112\" rel=\"nofollow noopener\" target=\"_blank\">Ta\u00e7a de Portugal<\/a>, a 21 de novembro.<\/p>\n<p>                            Fechar<\/p>\n<p>                                                    <img decoding=\"async\" class=\"h-full w-full max-w-[1180px] select-none rounded-t object-contain object-center\" src=\"https:\/\/www.europesays.com\/pt\/wp-content\/uploads\/2025\/12\/853d2556-9481-4ede-9324-54d621b47e07.jpg\" alt=\"Trubin rendeu Samuel Soares, que apresentou queixas no Farense-Benfica - Foto: Carlos Vidigal Jr. \/ Kapta+\" x-show=\"imageGalleryOpened &amp;&amp; imageGalleryImageIndex == 1\"\/><\/p>\n<p>                                        \/ 11<\/p>\n<p>                                        Trubin  &#8211; Foto: Carlos Vidigal Jr. \/ Kapta+<\/p>\n<p>                                                    <img decoding=\"async\" class=\"h-full w-full max-w-[1180px] select-none rounded-t object-contain object-center\" src=\"https:\/\/www.europesays.com\/pt\/wp-content\/uploads\/2026\/01\/9fb62ad5-2bc7-4dc6-9899-c2c11f842ada.jpg\" alt=\"\" x-show=\"imageGalleryOpened &amp;&amp; imageGalleryImageIndex == 2\"\/><\/p>\n<p>                                        \/ 11<\/p>\n<p>                                        Dedic \u00e9 indiscut\u00edvel \u00e0 direita &#8211; Foto: IMAGO<\/p>\n<p>                                                    <img decoding=\"async\" class=\"h-full w-full max-w-[1180px] select-none rounded-t object-contain object-center\" src=\"https:\/\/www.europesays.com\/pt\/wp-content\/uploads\/2026\/01\/cccde18d-51f7-4251-b71a-c038bae6f230.jpg\" alt=\"\" x-show=\"imageGalleryOpened &amp;&amp; imageGalleryImageIndex == 3\"\/><\/p>\n<p>                                        \/ 11<\/p>\n<p>                                        Tom\u00e1s Ara\u00fajo mant\u00e9m-se no onze &#8211; Foto: Imago<\/p>\n<p>                                                    <img decoding=\"async\" class=\"h-full w-full max-w-[1180px] select-none rounded-t object-contain object-center\" src=\"https:\/\/www.europesays.com\/pt\/wp-content\/uploads\/2026\/01\/1767436032_598_9f14e129-55c0-4c22-a888-c2531682dac6.jpeg\" alt=\"Otamendi\" x-show=\"imageGalleryOpened &amp;&amp; imageGalleryImageIndex == 4\"\/><\/p>\n<p>                                                    <img decoding=\"async\" class=\"h-full w-full max-w-[1180px] select-none rounded-t object-contain object-center\" src=\"https:\/\/www.europesays.com\/pt\/wp-content\/uploads\/2025\/12\/437165df-433e-49bf-bbe3-416644d560e6.jpg\" alt=\"\" x-show=\"imageGalleryOpened &amp;&amp; imageGalleryImageIndex == 5\"\/><\/p>\n<p>                                        \/ 11<\/p>\n<p>                                        Dahl foi muito elogiado por Jos\u00e9 Mourinho- Foto: Miguel Nunes<\/p>\n<p>                                                    <img decoding=\"async\" class=\"h-full w-full max-w-[1180px] select-none rounded-t object-contain object-center\" src=\"https:\/\/www.europesays.com\/pt\/wp-content\/uploads\/2025\/12\/d0b8ce9f-350a-4711-a8ab-d818affbeec2.jpg\" alt=\"Richard R\u00edos festeja golo apontado frente ao Farense - Foto: Carlos Vidigal Jr. \/ Kapta+\" x-show=\"imageGalleryOpened &amp;&amp; imageGalleryImageIndex == 6\"\/><\/p>\n<p>                                        \/ 11<\/p>\n<p>                                        Richard R\u00edos  &#8211; Foto: Carlos Vidigal Jr. \/ Kapta+<\/p>\n<p>                                                    <img decoding=\"async\" class=\"h-full w-full max-w-[1180px] select-none rounded-t object-contain object-center\" src=\"https:\/\/www.europesays.com\/pt\/wp-content\/uploads\/2026\/01\/a21ef971-af01-4b48-9c62-a1aa6e35b3b7.jpg\" alt=\"Aursnes fez o gosto ao p\u00e9 frente ao SC Braga (Foto: Rog\u00e9rio Ferreira \/ Kapta+)\" x-show=\"imageGalleryOpened &amp;&amp; imageGalleryImageIndex == 7\"\/><\/p>\n<p>                                        \/ 11<\/p>\n<p>                                        Aursnes, que fez o gosto ao p\u00e9 frente ao SC Braga, pode regressar \u00e0 posi\u00e7\u00e3o de origem (Foto: Rog\u00e9rio Ferreira \/ Kapta+)<\/p>\n<p>                                                    <img decoding=\"async\" class=\"h-full w-full max-w-[1180px] select-none rounded-t object-contain object-center\" src=\"https:\/\/www.europesays.com\/pt\/wp-content\/uploads\/2026\/01\/76dda754-51e0-49b5-aaf7-7f924b6bf441.jpg\" alt=\"Prestianni, jogador do Benfica\" x-show=\"imageGalleryOpened &amp;&amp; imageGalleryImageIndex == 8\"\/><\/p>\n<p>                                        \/ 11<\/p>\n<p>                                        Prestianni pode regressar ao onze<\/p>\n<p>                                                    <img decoding=\"async\" class=\"h-full w-full max-w-[1180px] select-none rounded-t object-contain object-center\" src=\"https:\/\/www.europesays.com\/pt\/wp-content\/uploads\/2026\/01\/71a54ddd-09ef-4235-8bc7-b040299588f2.jpg\" alt=\"Leandro Barreiro, m\u00e9dio do Benfica, marcou o 2-0 ao N\u00e1poles - Foto: MIGUEL NUNES\" x-show=\"imageGalleryOpened &amp;&amp; imageGalleryImageIndex == 9\"\/><\/p>\n<p>                                        \/ 11<\/p>\n<p>                                        Leandro Barreiro &#8211; Foto Miguel Nunes<\/p>\n<p>                                                    <img decoding=\"async\" class=\"h-full w-full max-w-[1180px] select-none rounded-t object-contain object-center\" src=\"https:\/\/www.europesays.com\/pt\/wp-content\/uploads\/2026\/01\/0dedd91a-1164-4815-94ef-b885d15d3031.jpg\" alt=\"Jos\u00e9 Mourinho, treinador do Benfica, d\u00e1 indida\u00e7\u00f5es ao m\u00e9dio Sudakov - Foto Imago\" x-show=\"imageGalleryOpened &amp;&amp; imageGalleryImageIndex == 10\"\/><\/p>\n<p>                                        \/ 11<\/p>\n<p>                                        Heorhii Sudakov deve continuar \u00e0 esquerda- Foto Imago<\/p>\n<p>                                                    <img decoding=\"async\" class=\"h-full w-full max-w-[1180px] select-none rounded-t object-contain object-center\" src=\"https:\/\/www.europesays.com\/pt\/wp-content\/uploads\/2026\/01\/e56fda0d-0efd-4436-b56f-85ebbb4c4d3c.jpg\" alt=\"Vangelis Pavlidis, o goleador de servi\u00e7o do Benfica- Foto: SL Benfica\" x-show=\"imageGalleryOpened &amp;&amp; imageGalleryImageIndex == 11\"\/><\/p>\n<p>                                        \/ 11<\/p>\n<p>                                        Vangelis Pavlidis, o goleador de servi\u00e7o do Benfica- Foto: SL Benfica<\/p>\n<p>            Galeria de imagens<\/p>\n<p>            11 Fotos<\/p>\n","protected":false},"excerpt":{"rendered":"A les\u00e3o sofrida por Enzo Barrenechea no ombro esquerdo num treino do Benfica na v\u00e9spera da rece\u00e7\u00e3o ao&hellip;\n","protected":false},"author":2,"featured_media":213169,"comment_status":"","ping_status":"","sticky":false,"template":"","format":"standard","meta":{"footnotes":""},"categories":[87],"tags":[135,32,33,134],"class_list":{"0":"post-213168","1":"post","2":"type-post","3":"status-publish","4":"format-standard","5":"has-post-thumbnail","7":"category-desporto","8":"tag-desporto","9":"tag-portugal","10":"tag-pt","11":"tag-sports"},"share_on_mastodon":{"url":"https:\/\/pubeurope.com\/@pt\/115830695180611477","error":""},"_links":{"self":[{"href":"https:\/\/www.europesays.com\/pt\/wp-json\/wp\/v2\/posts\/213168","targetHints":{"allow":["GET"]}}],"collection":[{"href":"https:\/\/www.europesays.com\/pt\/wp-json\/wp\/v2\/posts"}],"about":[{"href":"https:\/\/www.europesays.com\/pt\/wp-json\/wp\/v2\/types\/post"}],"author":[{"embeddable":true,"href":"https:\/\/www.europesays.com\/pt\/wp-json\/wp\/v2\/users\/2"}],"replies":[{"embeddable":true,"href":"https:\/\/www.europesays.com\/pt\/wp-json\/wp\/v2\/comments?post=213168"}],"version-history":[{"count":0,"href":"https:\/\/www.europesays.com\/pt\/wp-json\/wp\/v2\/posts\/213168\/revisions"}],"wp:featuredmedia":[{"embeddable":true,"href":"https:\/\/www.europesays.com\/pt\/wp-json\/wp\/v2\/media\/213169"}],"wp:attachment":[{"href":"https:\/\/www.europesays.com\/pt\/wp-json\/wp\/v2\/media?parent=213168"}],"wp:term":[{"taxonomy":"category","embeddable":true,"href":"https:\/\/www.europesays.com\/pt\/wp-json\/wp\/v2\/categories?post=213168"},{"taxonomy":"post_tag","embeddable":true,"href":"https:\/\/www.europesays.com\/pt\/wp-json\/wp\/v2\/tags?post=213168"}],"curies":[{"name":"wp","href":"https:\/\/api.w.org\/{rel}","templated":true}]}}