{"id":213172,"date":"2026-01-03T10:30:13","date_gmt":"2026-01-03T10:30:13","guid":{"rendered":"https:\/\/www.europesays.com\/pt\/213172\/"},"modified":"2026-01-03T10:30:13","modified_gmt":"2026-01-03T10:30:13","slug":"criadores-humanos-serao-essenciais-num-mundo-dominado-pela-ia-diz-ceo-do-instagram-inteligencia-artificial","status":"publish","type":"post","link":"https:\/\/www.europesays.com\/pt\/213172\/","title":{"rendered":"Criadores humanos ser\u00e3o essenciais num mundo dominado pela IA, diz CEO do Instagram | Intelig\u00eancia artificial"},"content":{"rendered":"<p>\u201cOlhando para 2026, uma mudan\u00e7a significativa \u00e9 o facto de a autenticidade se estar a tornar infinitamente reproduz\u00edvel\u201d, afirmou Adam Mosseri, CEO do Instagram, na quarta-feira, numa publica\u00e7\u00e3o na rede social Threads.<\/p>\n<p>\u201cTudo o que fazia com que os criadores fossem importantes \u2014 a capacidade de serem reais, de se ligarem, de terem uma voz que n\u00e3o podia ser falsificada \u2014 est\u00e1 agora subitamente acess\u00edvel a qualquer pessoa com as ferramentas certas\u201d, <a href=\"https:\/\/www.threads.com\/@mosseri\/post\/DS76UiklIDf\/media\" target=\"_blank\" rel=\"nofollow noopener\">acrescentou<\/a>.<\/p>\n<p>Adam Mosseri destacou a r\u00e1pida prolifera\u00e7\u00e3o da intelig\u00eancia artificial (IA) e alertou para a aproxima\u00e7\u00e3o cada vez maior do conte\u00fado sint\u00e9tico daquele produzido pelos humanos. O director executivo mencionou o avan\u00e7o dos <a href=\"https:\/\/www.publico.pt\/2025\/11\/14\/p3\/noticia\/pj-alerta-deepfakes-sexuais-circulam-escolas-alunos-adulterarem-fotos-colegas-2154675\" rel=\"nofollow noopener\" target=\"_blank\">deepfakes <\/a>e da gera\u00e7\u00e3o de fotografias e v\u00eddeos por IA, que se t\u00eam tornado cada vez mais indistingu\u00edveis da realidade.<\/p>\n<p>        &#13;<\/p>\n<p>&#13;<br \/>\n                &#13;\n            <\/p>\n<p>&#13;<\/p>\n<p>Apesar do crescimento exponencial da IA, o CEO acredita que os criadores humanos permanecer\u00e3o essenciais e que a economia dos criadores mostra que o mercado valoriza conte\u00fados pessoais e aut\u00eanticos, especialmente num contexto de <a href=\"https:\/\/www.publico.pt\/2025\/06\/26\/politica\/noticia\/medidas-legislativas-desinformacao-sao-escassas-portugal-2137955\" rel=\"nofollow noopener\" target=\"_blank\">desconfian\u00e7a <\/a>crescente nas institui\u00e7\u00f5es, empresas e meios de comunica\u00e7\u00e3o.<\/p>\n<p>Neste contexto, Adam Mosseri prev\u00ea que a procura por criadores humanos ir\u00e1 aumentar. \u201cA autenticidade est\u00e1 a tornar-se rapidamente um recurso escasso, o que, por sua vez, ir\u00e1 aumentar a procura de conte\u00fados de criadores, e n\u00e3o diminuir\u201d.<\/p>\n<p>\u00c9 mais pr\u00e1tico perceber o que \u00e9 verdadeiro do que o que \u00e9 falso<\/p>\n<p>Mesmo quando se torna mais realista, o <a href=\"https:\/\/www.publico.pt\/2025\/12\/30\/enter\/noticia\/20-videos-aparecem-novos-utilizadores-youtube-sao-ai-slop-2159651\" rel=\"nofollow noopener\" target=\"_blank\">conte\u00fado criado por IA<\/a> \u201ctende a parecer fabricado de alguma forma\u201d, afirmou. Segundo o CEO, mesmo os conte\u00fados de alta qualidade carregam sinais de artificialidade \u2014 pele demasiado lisa, est\u00e9tica excessivamente perfeita. Assim, a capacidade de um criador de produzir algo genuinamente \u00fanico ser\u00e1 o factor diferenciador.<\/p>\n<p>\u201cA fasquia vai passar de \u2018consegues criar?\u2019 para \u2018consegues fazer algo que s\u00f3 tu poderias criar?\u2019\u201d, escreveu. \u201cOs criadores bem-sucedidos ser\u00e3o aqueles que descobrirem como manter a sua autenticidade.\u201d<\/p>\n<p>        &#13;<\/p>\n<p>&#13;<br \/>\n                &#13;\n            <\/p>\n<p>&#13;<\/p>\n<p>Quanto ao futuro do <a href=\"https:\/\/www.publico.pt\/2024\/09\/20\/tecnologia\/noticia\/instagram-cria-contas-adolescentes-controlo-pais-2104781\" rel=\"nofollow noopener\" target=\"_blank\">Instagram<\/a>, Adam Mosseri defende uma evolu\u00e7\u00e3o r\u00e1pida e abrangente, com o desenvolvimento de ferramentas criativas, tanto tradicionais quanto orientadas por IA. \u201cH\u00e1 j\u00e1 um n\u00famero crescente de pessoas que acreditam, tal como eu, que ser\u00e1 mais pr\u00e1tico recolher as impress\u00f5es digitais dos meios de comunica\u00e7\u00e3o verdadeiros do que dos falsos\u201d, afirmou.<\/p>\n<p>\u201cPrecisamos de rotular claramente os conte\u00fados gerados por IA e trabalhar com os parceiros para verificar a autenticidade no momento da captura \u2014 capturando as impress\u00f5es digitais dos meios reais, e n\u00e3o apenas perseguindo os falsos. Precisamos de dar sinais de credibilidade sobre quem publica, para que as pessoas possam decidir em quem confiar\u201d, concluiu.<\/p>\n","protected":false},"excerpt":{"rendered":"\u201cOlhando para 2026, uma mudan\u00e7a significativa \u00e9 o facto de a autenticidade se estar a tornar infinitamente reproduz\u00edvel\u201d,&hellip;\n","protected":false},"author":2,"featured_media":213173,"comment_status":"","ping_status":"","sticky":false,"template":"","format":"standard","meta":{"footnotes":""},"categories":[84],"tags":[109,107,108,246,414,1015,933,549,32,33,548,105,103,104,106,110],"class_list":{"0":"post-213172","1":"post","2":"type-post","3":"status-publish","4":"format-standard","5":"has-post-thumbnail","7":"category-ciencia-e-tecnologia","8":"tag-ciencia","9":"tag-ciencia-e-tecnologia","10":"tag-cienciaetecnologia","11":"tag-enter","12":"tag-ia","13":"tag-instagram","14":"tag-inteligencia-artificial","15":"tag-internet","16":"tag-portugal","17":"tag-pt","18":"tag-redes-sociais","19":"tag-science","20":"tag-science-and-technology","21":"tag-scienceandtechnology","22":"tag-technology","23":"tag-tecnologia"},"share_on_mastodon":{"url":"https:\/\/pubeurope.com\/@pt\/115830706809336318","error":""},"_links":{"self":[{"href":"https:\/\/www.europesays.com\/pt\/wp-json\/wp\/v2\/posts\/213172","targetHints":{"allow":["GET"]}}],"collection":[{"href":"https:\/\/www.europesays.com\/pt\/wp-json\/wp\/v2\/posts"}],"about":[{"href":"https:\/\/www.europesays.com\/pt\/wp-json\/wp\/v2\/types\/post"}],"author":[{"embeddable":true,"href":"https:\/\/www.europesays.com\/pt\/wp-json\/wp\/v2\/users\/2"}],"replies":[{"embeddable":true,"href":"https:\/\/www.europesays.com\/pt\/wp-json\/wp\/v2\/comments?post=213172"}],"version-history":[{"count":0,"href":"https:\/\/www.europesays.com\/pt\/wp-json\/wp\/v2\/posts\/213172\/revisions"}],"wp:featuredmedia":[{"embeddable":true,"href":"https:\/\/www.europesays.com\/pt\/wp-json\/wp\/v2\/media\/213173"}],"wp:attachment":[{"href":"https:\/\/www.europesays.com\/pt\/wp-json\/wp\/v2\/media?parent=213172"}],"wp:term":[{"taxonomy":"category","embeddable":true,"href":"https:\/\/www.europesays.com\/pt\/wp-json\/wp\/v2\/categories?post=213172"},{"taxonomy":"post_tag","embeddable":true,"href":"https:\/\/www.europesays.com\/pt\/wp-json\/wp\/v2\/tags?post=213172"}],"curies":[{"name":"wp","href":"https:\/\/api.w.org\/{rel}","templated":true}]}}