{"id":213179,"date":"2026-01-03T10:35:16","date_gmt":"2026-01-03T10:35:16","guid":{"rendered":"https:\/\/www.europesays.com\/pt\/213179\/"},"modified":"2026-01-03T10:35:16","modified_gmt":"2026-01-03T10:35:16","slug":"indireta-virginia-posta-recado-nas-redes-sociais-lealdade","status":"publish","type":"post","link":"https:\/\/www.europesays.com\/pt\/213179\/","title":{"rendered":"Indireta? Virginia posta recado nas redes sociais: &#8216;Lealdade&#8217;"},"content":{"rendered":"<p><a href=\"https:\/\/caras.com.br\/tags\/virginia-fonseca\" rel=\"nofollow noopener\" target=\"_blank\"><strong>Virginia Fonseca<\/strong><\/a> j\u00e1 come\u00e7ou o ano compartilhando reflex\u00f5es nas redes sociais. A influenciadora passou o Rev\u00e9illon em Madrid, na casa do namorado <a href=\"https:\/\/caras.com.br\/tags\/vini-jr\" rel=\"nofollow noopener\" target=\"_blank\"><strong>Vini Jr<\/strong><\/a>, ao lado de amigos, familiares e dos filhos: <a href=\"https:\/\/caras.com.br\/tags\/maria-alice\" rel=\"nofollow noopener\" target=\"_blank\"><strong>Maria Alice<\/strong><\/a>, <a href=\"https:\/\/caras.com.br\/tags\/maria-flor\" rel=\"nofollow noopener\" target=\"_blank\"><strong>Maria Flor<\/strong><\/a> e <a href=\"https:\/\/caras.com.br\/tags\/jose-leonardo\" rel=\"nofollow noopener\" target=\"_blank\"><strong>Jos\u00e9 Leonardo<\/strong><\/a>.<\/p>\n<p>Nessa sexta-feira, 2 de janeiro, Virginia compartilhou, nos stories do Instagram, uma postagem com um recado sobre fidelidade: \u201cLealdade infinita para quem nunca pulou do barco. 2026 \u00e9 n\u00f3s!\u201d, \u00e9 o que estava escrito.<\/p>\n<p><strong>Leia tamb\u00e9m<\/strong>: <a href=\"https:\/\/caras.com.br\/atualidades\/virginia-ganha-presente-diferentao-e-estranho-saiba-quanto-custa.phtml\" rel=\"nofollow noopener\" target=\"_blank\">Virginia ganha presente diferent\u00e3o: \u2018\u00c9 estranho\u2019. Saiba quanto custa<\/a><\/p>\n<p> David Brazil revela sentimento da comunidade da Grande Rio sobre Virginia Fonseca <\/p>\n<p>Desde que foi anunciada,\u00a0Virginia Fonseca\u00a0enfrentou resist\u00eancia como nova rainha de bateria da Grande Rio, substituindo\u00a0<strong>Paolla Oliveira<\/strong>\u00a0no posto. A troca, oficializada no segundo semestre de 2025, gerou insatisfa\u00e7\u00e3o entre parte da comunidade e uma onda de compara\u00e7\u00f5es nas redes sociais, especialmente pelo hist\u00f3rico de sete anos de Paolla \u00e0 frente da bateria da escola.<\/p>\n<p>A sa\u00edda da atriz, no entanto, partiu de uma decis\u00e3o pessoal. Segundo a dire\u00e7\u00e3o da agremia\u00e7\u00e3o, Paolla pediu para deixar o cargo para resolver quest\u00f5es particulares. Ainda assim, a escolha de Virginia como substituta, feita pelo presidente de honra\u00a0<strong>Jayder Soares,<\/strong>\u00a0foi recebida com pol\u00eamica e cr\u00edticas.<\/p>\n<p> Clima com Virginia Fonseca muda na quadra da escola <\/p>\n<p>Tr\u00eas meses ap\u00f3s o an\u00fancio, o cen\u00e1rio dentro da Grande Rio \u00e9 diferente. De acordo com David Brazil, promoter da escola, a influenciadora tem conquistado espa\u00e7o e estabelecido uma rela\u00e7\u00e3o pr\u00f3xima com a bateria e com a comunidade.<\/p>\n<p>\u201cGra\u00e7as a Deus, ela t\u00e1 assim\u201d, disse David, juntando os dedos para simbolizar proximidade.\u00a0\u201cTem muita gente que torce contra, muitos haters que ficam tentando, mas s\u00f3 quem vai \u00e0 escola e aos ensaios v\u00ea a conex\u00e3o da Virg\u00ednia tanto com a bateria quanto com a comunidade. Nos ensaios de rua j\u00e1 deu para ver que ela est\u00e1 conquistando o seu espa\u00e7o\u201d,\u00a0afirmou.<\/p>\n<p> ACOMPANHE AS <a href=\"https:\/\/www.instagram.com\/carasbrasil\/\" rel=\"nofollow noopener\" target=\"_blank\">REDES SOCIAIS<\/a> DA CARAS BRASIL E FIQUE POR DENTRO DE TUDO O QUE ACONTECE NO MUNDO DOS FAMOSOS: <\/p>\n<blockquote class=\"instagram-media\" style=\"background: #FFF; border: 0; border-radius: 3px; box-shadow: 0 0 1px 0 rgba(0,0,0,0.5),0 1px 10px 0 rgba(0,0,0,0.15); margin: 1px; max-width: 540px; min-width: 326px; padding: 0; width: calc(100% - 2px);\" data-instgrm-permalink=\"https:\/\/www.instagram.com\/p\/DTBBJFajML6\/?utm_source=ig_embed&amp;utm_campaign=loading\" data-instgrm-version=\"14\"><\/blockquote>\n<p>        <a href=\"https:\/\/caras.com.br\/autor\/ana-julia-resende\" rel=\"nofollow noopener\" target=\"_blank\">&#13;<br \/>\n          <img loading=\"lazy\" decoding=\"async\" alt=\"Ana Julia Resende\" src=\"https:\/\/www.europesays.com\/pt\/wp-content\/uploads\/2025\/12\/ana-julia-resende-reporter-150x150.jpeg\" class=\"avatar avatar-115 photo rounded-circle\" height=\"115\" width=\"115\"\/>        <\/a><\/p>\n<p>Ana J\u00falia Resende \u00e9 jornalista formada pela Faculdade C\u00e1sper L\u00edbero. Apaixonada pela comunica\u00e7\u00e3o e por contar boas hist\u00f3rias, escreve sobre celebridades, filmes e cultura.<\/p>\n<ul class=\"terms-list post_tag list-inline\">\n<li class=\"virginia-fonseca list-inline-item\">\n\t\t\t\t\t<a href=\"https:\/\/caras.com.br\/tags\/virginia-fonseca_3\" class=\"item-category\" rel=\"nofollow noopener\" target=\"_blank\">&#8216;Virginia Fonseca&#8217;<\/a>\n\t\t\t\t<\/li>\n<li class=\"virginia list-inline-item\">\n\t\t\t\t\t<a href=\"https:\/\/caras.com.br\/tags\/virginia_2\" class=\"item-category\" rel=\"nofollow noopener\" target=\"_blank\">&#8216;Virg\u00ednia&#8217;<\/a>\n\t\t\t\t<\/li>\n<\/ul>\n<p>\t                                            <script async src=\"\/\/www.instagram.com\/embed.js\"><\/script><\/p>\n","protected":false},"excerpt":{"rendered":"Virginia Fonseca j\u00e1 come\u00e7ou o ano compartilhando reflex\u00f5es nas redes sociais. A influenciadora passou o Rev\u00e9illon em Madrid,&hellip;\n","protected":false},"author":2,"featured_media":213180,"comment_status":"","ping_status":"","sticky":false,"template":"","format":"standard","meta":{"footnotes":""},"categories":[145],"tags":[211,210,114,115,32,33,973,1446],"class_list":{"0":"post-213179","1":"post","2":"type-post","3":"status-publish","4":"format-standard","5":"has-post-thumbnail","7":"category-celebridades","8":"tag-celebridades","9":"tag-celebrities","10":"tag-entertainment","11":"tag-entretenimento","12":"tag-portugal","13":"tag-pt","14":"tag-virginia","15":"tag-virginia-fonseca"},"share_on_mastodon":{"url":"https:\/\/pubeurope.com\/@pt\/115830726502620011","error":""},"_links":{"self":[{"href":"https:\/\/www.europesays.com\/pt\/wp-json\/wp\/v2\/posts\/213179","targetHints":{"allow":["GET"]}}],"collection":[{"href":"https:\/\/www.europesays.com\/pt\/wp-json\/wp\/v2\/posts"}],"about":[{"href":"https:\/\/www.europesays.com\/pt\/wp-json\/wp\/v2\/types\/post"}],"author":[{"embeddable":true,"href":"https:\/\/www.europesays.com\/pt\/wp-json\/wp\/v2\/users\/2"}],"replies":[{"embeddable":true,"href":"https:\/\/www.europesays.com\/pt\/wp-json\/wp\/v2\/comments?post=213179"}],"version-history":[{"count":0,"href":"https:\/\/www.europesays.com\/pt\/wp-json\/wp\/v2\/posts\/213179\/revisions"}],"wp:featuredmedia":[{"embeddable":true,"href":"https:\/\/www.europesays.com\/pt\/wp-json\/wp\/v2\/media\/213180"}],"wp:attachment":[{"href":"https:\/\/www.europesays.com\/pt\/wp-json\/wp\/v2\/media?parent=213179"}],"wp:term":[{"taxonomy":"category","embeddable":true,"href":"https:\/\/www.europesays.com\/pt\/wp-json\/wp\/v2\/categories?post=213179"},{"taxonomy":"post_tag","embeddable":true,"href":"https:\/\/www.europesays.com\/pt\/wp-json\/wp\/v2\/tags?post=213179"}],"curies":[{"name":"wp","href":"https:\/\/api.w.org\/{rel}","templated":true}]}}