{"id":213185,"date":"2026-01-03T10:42:08","date_gmt":"2026-01-03T10:42:08","guid":{"rendered":"https:\/\/www.europesays.com\/pt\/213185\/"},"modified":"2026-01-03T10:42:08","modified_gmt":"2026-01-03T10:42:08","slug":"veja-5-condicoes-que-barram-o-exame-medico","status":"publish","type":"post","link":"https:\/\/www.europesays.com\/pt\/213185\/","title":{"rendered":"veja 5 condi\u00e7\u00f5es que barram o exame m\u00e9dico"},"content":{"rendered":"<p>  <img class=\"content-first-image wp-image-2764616 size-large\" loading=\"eager\" decoding=\"sync\" fetchpriority=\"high\" src=\"https:\/\/www.europesays.com\/pt\/wp-content\/uploads\/2026\/01\/doencas-que-travam-sua-cnh-1300x731.jpg\" alt=\"na foto aparece metade de uma pessoa dirigindo e metade de um m\u00e9dico prescrevendo com as doen\u00e7as que travam sua CNH\" width=\"1286\" height=\"723\"  \/>doen\u00e7asFoto: Imagem gerada por IA\/ND<\/p>\n<p>As doen\u00e7as que travam sua CNH v\u00e3o muitos al\u00e9m de casos graves ou incapacitantes e podem suspender motoristas no momento da <a href=\"https:\/\/ndmais.com.br\/transito\/como-vai-funcionar-e-quem-tem-direito-a-renovacao-automatica-da-cnh\/\" rel=\"nofollow noopener\" target=\"_blank\">renova\u00e7\u00e3o do documento<\/a>.<\/p>\n<p>Muitas vezes ignoradas no dia a dia, as condi\u00e7\u00f5es de sa\u00fade relativamente comuns, podem levar \u00e0 restri\u00e7\u00e3o, suspens\u00e3o tempor\u00e1ria ou at\u00e9 \u00e0 negativa da CNH, j\u00e1 que a legisla\u00e7\u00e3o de tr\u00e2nsito prioriza a seguran\u00e7a do condutor e de todos que circulam pelas vias.<\/p>\n<p>A legisla\u00e7\u00e3o de tr\u00e2nsito brasileira n\u00e3o busca punir quem est\u00e1 doente, mas sim proteger a vida do pr\u00f3prio condutor e de terceiros nas vias. O exame de aptid\u00e3o f\u00edsica e mental, por exemplo, \u00e9 a ferramenta usada para garantir que quem assume o volante tem condi\u00e7\u00f5es plenas de reagir a imprevistos.<\/p>\n<p><a class=\"cta-discover d-flex justify-content-between align-items-center w-100\" target=\"_blank\" rel=\"nofollow noopner noopener\" href=\"https:\/\/profile.google.com\/cp\/Cg0vZy8xMXZ5cjY4NHho\">   Fa\u00e7a como milh\u00f5es de leitores informados: siga o ND Mais no Google.  Seguir<\/a> <\/p>\n<p>Vale lembrar que a frequ\u00eancia dessa \u201cconfer\u00eancia\u201d de sa\u00fade varia conforme a idade, segundo o CTB (C\u00f3digo de Tr\u00e2nsito Brasileiro):<\/p>\n<ul>\n<li>At\u00e9 49 anos: Renova\u00e7\u00e3o a cada 10 anos;<\/li>\n<li>Entre 50 e 69 anos: Renova\u00e7\u00e3o a cada 5 anos;<\/li>\n<li>A partir de 70 anos: Renova\u00e7\u00e3o a cada 3 anos.<\/li>\n<\/ul>\n<p>Se durante esses intervalos o condutor desenvolver certas condi\u00e7\u00f5es, o m\u00e9dico perito pode considerar o motorista \u201cinapto temporariamente\u201d ou \u201cinapto definitivamente\u201d, impedindo a emiss\u00e3o do novo documento.<\/p>\n<p>Quais as doen\u00e7as que travam sua CNH?<\/p>\n<p>As diretrizes para a avalia\u00e7\u00e3o m\u00e9dica s\u00e3o rigorosas e baseiam-se em resolu\u00e7\u00f5es do Contran (Conselho Nacional de Tr\u00e2nsito). Abaixo, listamos os grupos de doen\u00e7as que travam sua CNH.<\/p>\n<p>1) Epilepsia e quadros convulsivos<\/p>\n<p>Uma das doen\u00e7as que travam a CNH \u00e9 a epilepsia e quadros convulsivos. Essas condi\u00e7\u00f5es envolvem perda s\u00fabita de consci\u00eancia e s\u00e3o o maior pesadelo da seguran\u00e7a vi\u00e1ria.<\/p>\n<p>No caso da epilepsia, o diagn\u00f3stico por si s\u00f3 n\u00e3o impede a dire\u00e7\u00e3o, mas a falta de controle da doen\u00e7a, sim.<\/p>\n<p>Para estar apto, o motorista geralmente precisa comprovar, atrav\u00e9s de um laudo do neurologista assistente, que est\u00e1 em tratamento cont\u00ednuo e sem apresentar crises h\u00e1 pelo menos um ano.<\/p>\n<p>2) Doen\u00e7as cardiovasculares graves<\/p>\n<p>Outra das doen\u00e7as que travam sua CNH s\u00e3o as doen\u00e7as cardiovasculares graves. Elas apresentam um alto risco de morte s\u00fabita, desmaios, tonturas severas ou arritmias complexas n\u00e3o controladas. O m\u00e9dico perito avaliar\u00e1 a capacidade funcional do cora\u00e7\u00e3o antes de liberar a CNH.<\/p>\n<p>3) Diabetes com hipoglicemias severas<\/p>\n<p>Outra das doen\u00e7as que travam sua CNH \u00e9 a diabetes e a condi\u00e7\u00e3o de hipoglicemias severas que podem ocorrer. Ser diab\u00e9tico n\u00e3o impede ningu\u00e9m de dirigir.<\/p>\n<p>O problema est\u00e1 no descontrole da doen\u00e7a, especificamente na hipoglicemia grave, que pode levar \u00e0 confus\u00e3o mental, vis\u00e3o turva e at\u00e9 perda de consci\u00eancia ao volante.<\/p>\n<p>Diab\u00e9ticos com a glicemia controlada adequadamente renovam sem problemas, mas aqueles com hist\u00f3rico recente de crises severas podem ser barrados at\u00e9 a estabiliza\u00e7\u00e3o do quadro.<\/p>\n<p>4) Dist\u00farbios psiqui\u00e1tricos e sa\u00fade mental<\/p>\n<p>Algumas doen\u00e7as que travam sua CNH s\u00e3o determinadas como sa\u00fade mental e os dist\u00farbios psiqui\u00e1tricos. Os transtornos afetam o julgamento do motorista, al\u00e9m da percep\u00e7\u00e3o da realidade e a capacidade de rea\u00e7\u00e3o r\u00e1pida.<\/p>\n<p>Condi\u00e7\u00f5es como a esquizofrenia, transtorno bipolar n\u00e3o controlado e depress\u00e3o severa podem comprometer a seguran\u00e7a. Para renovar a CNH, \u00e9 essencial apresentar laudos psiqui\u00e1tricos que comprovem estabilidade cl\u00ednica e ades\u00e3o ao tratamento.<\/p>\n<p>5) Doen\u00e7as neurol\u00f3gicas degenerativas<\/p>\n<p>As doen\u00e7as que travam sua CNH s\u00e3o as neurol\u00f3gicas ou degenerativas como o Parkinson e <a href=\"https:\/\/ndmais.com.br\/saude\/seis-sinais-bizarros-que-podem-revelar-alzheimer\/\" rel=\"nofollow noopener\" target=\"_blank\">Alzheimer<\/a>, por exemplo.<\/p>\n<p>Elas podem afetar diretamente as fun\u00e7\u00f5es cruciais para a condu\u00e7\u00e3o de um carro como a coordena\u00e7\u00e3o motora, os reflexos e a cogni\u00e7\u00e3o (capacidade de processar informa\u00e7\u00f5es).<\/p>\n<p>Dependendo do est\u00e1gio da doen\u00e7a, o m\u00e9dico perito determinar\u00e1 que o condutor n\u00e3o possui mais as condi\u00e7\u00f5es m\u00ednimas necess\u00e1rias para operar um ve\u00edculo com seguran\u00e7a.<\/p>\n","protected":false},"excerpt":{"rendered":"doen\u00e7asFoto: Imagem gerada por IA\/ND As doen\u00e7as que travam sua CNH v\u00e3o muitos al\u00e9m de casos graves ou&hellip;\n","protected":false},"author":2,"featured_media":213186,"comment_status":"","ping_status":"","sticky":false,"template":"","format":"standard","meta":{"footnotes":""},"categories":[86],"tags":[726,2637,1967,116,1968,32,33,4066,117],"class_list":{"0":"post-213185","1":"post","2":"type-post","3":"status-publish","4":"format-standard","5":"has-post-thumbnail","7":"category-saude","8":"tag-brasil","9":"tag-carros","10":"tag-contedo-de-internet","11":"tag-health","12":"tag-notcia","13":"tag-portugal","14":"tag-pt","15":"tag-sade","16":"tag-saude"},"share_on_mastodon":{"url":"https:\/\/pubeurope.com\/@pt\/115830754084145393","error":""},"_links":{"self":[{"href":"https:\/\/www.europesays.com\/pt\/wp-json\/wp\/v2\/posts\/213185","targetHints":{"allow":["GET"]}}],"collection":[{"href":"https:\/\/www.europesays.com\/pt\/wp-json\/wp\/v2\/posts"}],"about":[{"href":"https:\/\/www.europesays.com\/pt\/wp-json\/wp\/v2\/types\/post"}],"author":[{"embeddable":true,"href":"https:\/\/www.europesays.com\/pt\/wp-json\/wp\/v2\/users\/2"}],"replies":[{"embeddable":true,"href":"https:\/\/www.europesays.com\/pt\/wp-json\/wp\/v2\/comments?post=213185"}],"version-history":[{"count":0,"href":"https:\/\/www.europesays.com\/pt\/wp-json\/wp\/v2\/posts\/213185\/revisions"}],"wp:featuredmedia":[{"embeddable":true,"href":"https:\/\/www.europesays.com\/pt\/wp-json\/wp\/v2\/media\/213186"}],"wp:attachment":[{"href":"https:\/\/www.europesays.com\/pt\/wp-json\/wp\/v2\/media?parent=213185"}],"wp:term":[{"taxonomy":"category","embeddable":true,"href":"https:\/\/www.europesays.com\/pt\/wp-json\/wp\/v2\/categories?post=213185"},{"taxonomy":"post_tag","embeddable":true,"href":"https:\/\/www.europesays.com\/pt\/wp-json\/wp\/v2\/tags?post=213185"}],"curies":[{"name":"wp","href":"https:\/\/api.w.org\/{rel}","templated":true}]}}